{"id":92681,"date":"2025-05-11T21:18:36","date_gmt":"2025-05-11T21:18:36","guid":{"rendered":"https:\/\/www.europesays.com\/fr\/92681\/"},"modified":"2025-05-11T21:18:36","modified_gmt":"2025-05-11T21:18:36","slug":"tomblaine-les-animateurs-municipaux-inities-a-la-fabrication-de-cerfs-volants","status":"publish","type":"post","link":"https:\/\/www.europesays.com\/fr\/92681\/","title":{"rendered":"Tomblaine. Les animateurs municipaux initi\u00e9s \u00e0 la fabrication de cerfs-volants"},"content":{"rendered":"<p>Dans le cadre des \u00c9oliennes qui se d\u00e9rouleront du 13 au 15\u00a0juin sur le site de la Plaine Flageul, les enfants des \u00e9coles de Tomblaine se retrouveront le vendredi apr\u00e8s-midi pour faire voler leurs propres cerfs-volants.<\/p>\n<p>Les animateurs municipaux, qui vont les encadrer pour construire leurs engins, ont re\u00e7u, en amont, une formation conduite par Jean-Paul Arnould, le pr\u00e9sident du club villarois Est\u2019Air Cerf-Volant, \u00ab\u00a0le seul encore en activit\u00e9 dans le Grand Est\u00a0\u00bb.<\/p>\n<p>Un cerf-volant facile \u00e0 monter<\/p>\n<p>R\u00e9unis&#8230;<\/p>\n","protected":false},"excerpt":{"rendered":"Dans le cadre des \u00c9oliennes qui se d\u00e9rouleront du 13 au 15\u00a0juin sur le site de la Plaine&hellip;\n","protected":false},"author":2,"featured_media":92682,"comment_status":"","ping_status":"","sticky":false,"template":"","format":"standard","meta":{"footnotes":""},"categories":[9635],"tags":[1111,11,1687,1704,1777,674,1011,27,775,11260,1702,12,25,11703],"class_list":{"0":"post-92681","1":"post","2":"type-post","3":"status-publish","4":"format-standard","5":"has-post-thumbnail","7":"category-nancy","8":"tag-actu","9":"tag-actualites","10":"tag-culture-loisirs","11":"tag-edition-nancy-et-agglomeration","12":"tag-eu","13":"tag-europe","14":"tag-fr","15":"tag-france","16":"tag-grand-est","17":"tag-metropole-du-grand-nancy-54b4","18":"tag-nancy","19":"tag-news","20":"tag-republique-francaise","21":"tag-tomblaine"},"share_on_mastodon":{"url":"https:\/\/pubeurope.com\/@fr\/114491287387120951","error":""},"_links":{"self":[{"href":"https:\/\/www.europesays.com\/fr\/wp-json\/wp\/v2\/posts\/92681","targetHints":{"allow":["GET"]}}],"collection":[{"href":"https:\/\/www.europesays.com\/fr\/wp-json\/wp\/v2\/posts"}],"about":[{"href":"https:\/\/www.europesays.com\/fr\/wp-json\/wp\/v2\/types\/post"}],"author":[{"embeddable":true,"href":"https:\/\/www.europesays.com\/fr\/wp-json\/wp\/v2\/users\/2"}],"replies":[{"embeddable":true,"href":"https:\/\/www.europesays.com\/fr\/wp-json\/wp\/v2\/comments?post=92681"}],"version-history":[{"count":0,"href":"https:\/\/www.europesays.com\/fr\/wp-json\/wp\/v2\/posts\/92681\/revisions"}],"wp:featuredmedia":[{"embeddable":true,"href":"https:\/\/www.europesays.com\/fr\/wp-json\/wp\/v2\/media\/92682"}],"wp:attachment":[{"href":"https:\/\/www.europesays.com\/fr\/wp-json\/wp\/v2\/media?parent=92681"}],"wp:term":[{"taxonomy":"category","embeddable":true,"href":"https:\/\/www.europesays.com\/fr\/wp-json\/wp\/v2\/categories?post=92681"},{"taxonomy":"post_tag","embeddable":true,"href":"https:\/\/www.europesays.com\/fr\/wp-json\/wp\/v2\/tags?post=92681"}],"curies":[{"name":"wp","href":"https:\/\/api.w.org\/{rel}","templated":true}]}}