{"id":92683,"date":"2025-05-11T21:19:13","date_gmt":"2025-05-11T21:19:13","guid":{"rendered":"https:\/\/www.europesays.com\/fr\/92683\/"},"modified":"2025-05-11T21:19:13","modified_gmt":"2025-05-11T21:19:13","slug":"nationale-2-f-mission-reussie-pour-le-well-nancy-le-vntc-assure-lessentiel","status":"publish","type":"post","link":"https:\/\/www.europesays.com\/fr\/92683\/","title":{"rendered":"Nationale 2 (F). Mission r\u00e9ussie pour le Well Nancy, le VNTC assure l\u2019essentiel"},"content":{"rendered":"<p> FOS Villeneuve-d\u2019Ascq &#8211; Well Nancy 1-5 <\/p>\n<p>Comme on s\u2019y attendait, le Well Nancy est all\u00e9 d\u00e9crocher le premier succ\u00e8s de son histoire en N2 du c\u00f4t\u00e9 de Villeneuve-d\u2019Ascq. Le club nordiste, qui est pass\u00e9 en quelques ann\u00e9es de 700 \u00e0 200 licenci\u00e9s, a d\u00fb r\u00e9duire la voilure. Aussi, les \u00e9trang\u00e8res, qui \u00e9voluaient au sein de l\u2019\u00e9quipe fanion, n\u2019ont pas \u00e9t\u00e9 retenues. Seule Julie Maytovic (-4\/6), l&rsquo;enfant du pays, est rest\u00e9e au bercail. \u00ab\u00a0Ces interclubs lui permettent de disputer des matches int\u00e9ressants\u00a0\u00bb, confie Delphine Marchand-Robat, la capitaine du Well.<\/p>\n<p>La n\u00b01 locale a ainsi pu se frotter avec r\u00e9ussite \u00e0 la Belge Romane Longueville (-15). \u00ab\u00a0Les coups droits de la Nordiste ont beaucoup emb\u00eat\u00e9 Romane\u00a0\u00bb, analyse Delphine Marchand-Robat qui a assist\u00e9, impuissante, \u00e0 la nouvelle chute de sa locomotive belge. Heureusement, derri\u00e8re Myatovic, Fos n\u2019aligne que des troisi\u00e8me s\u00e9rie qui, forc\u00e9ment, n\u2019ont pas pes\u00e9 bien lourd face aux Nanc\u00e9o-Laxoviennes. Seule Lina Destracque (15) a connu une petite&#8230;<\/p>\n","protected":false},"excerpt":{"rendered":"FOS Villeneuve-d\u2019Ascq &#8211; Well Nancy 1-5 Comme on s\u2019y attendait, le Well Nancy est all\u00e9 d\u00e9crocher le premier&hellip;\n","protected":false},"author":2,"featured_media":92684,"comment_status":"","ping_status":"","sticky":false,"template":"","format":"standard","meta":{"footnotes":""},"categories":[9635],"tags":[1111,11,1704,1777,674,1011,27,775,1702,1703,12,25,517,1700,1467],"class_list":{"0":"post-92683","1":"post","2":"type-post","3":"status-publish","4":"format-standard","5":"has-post-thumbnail","7":"category-nancy","8":"tag-actu","9":"tag-actualites","10":"tag-edition-nancy-et-agglomeration","11":"tag-eu","12":"tag-europe","13":"tag-fr","14":"tag-france","15":"tag-grand-est","16":"tag-nancy","17":"tag-nancy-ville-54b","18":"tag-news","19":"tag-republique-francaise","20":"tag-sport","21":"tag-sport-lorrain","22":"tag-tennis"},"share_on_mastodon":{"url":"https:\/\/pubeurope.com\/@fr\/114491291358875683","error":""},"_links":{"self":[{"href":"https:\/\/www.europesays.com\/fr\/wp-json\/wp\/v2\/posts\/92683","targetHints":{"allow":["GET"]}}],"collection":[{"href":"https:\/\/www.europesays.com\/fr\/wp-json\/wp\/v2\/posts"}],"about":[{"href":"https:\/\/www.europesays.com\/fr\/wp-json\/wp\/v2\/types\/post"}],"author":[{"embeddable":true,"href":"https:\/\/www.europesays.com\/fr\/wp-json\/wp\/v2\/users\/2"}],"replies":[{"embeddable":true,"href":"https:\/\/www.europesays.com\/fr\/wp-json\/wp\/v2\/comments?post=92683"}],"version-history":[{"count":0,"href":"https:\/\/www.europesays.com\/fr\/wp-json\/wp\/v2\/posts\/92683\/revisions"}],"wp:featuredmedia":[{"embeddable":true,"href":"https:\/\/www.europesays.com\/fr\/wp-json\/wp\/v2\/media\/92684"}],"wp:attachment":[{"href":"https:\/\/www.europesays.com\/fr\/wp-json\/wp\/v2\/media?parent=92683"}],"wp:term":[{"taxonomy":"category","embeddable":true,"href":"https:\/\/www.europesays.com\/fr\/wp-json\/wp\/v2\/categories?post=92683"},{"taxonomy":"post_tag","embeddable":true,"href":"https:\/\/www.europesays.com\/fr\/wp-json\/wp\/v2\/tags?post=92683"}],"curies":[{"name":"wp","href":"https:\/\/api.w.org\/{rel}","templated":true}]}}