{"id":92726,"date":"2025-05-11T21:46:09","date_gmt":"2025-05-11T21:46:09","guid":{"rendered":"https:\/\/www.europesays.com\/fr\/92726\/"},"modified":"2025-05-11T21:46:09","modified_gmt":"2025-05-11T21:46:09","slug":"necrologie-adieu-a-andre-martinak","status":"publish","type":"post","link":"https:\/\/www.europesays.com\/fr\/92726\/","title":{"rendered":"N\u00e9crologie. Adieu \u00e0 Andr\u00e9 Martinak"},"content":{"rendered":"<p>P\u00e8re de cinq enfants et ancien directeur de l\u2019imprimerie Rey \u00e0 Lyon, Andr\u00e9 Martinak est d\u00e9c\u00e9d\u00e9 dans sa 86e ann\u00e9e. Typographe \u00e0 partir de 1965 au Dauphin\u00e9 Lib\u00e9r\u00e9 , il a ensuite exerc\u00e9 le m\u00eame m\u00e9tier au Progr\u00e8s et \u00e0 Lyon Matin. C\u2019est en 1987 qu\u2019il prend la direction de l\u2019imprimerie lyonnaise.<\/p>\n<p>Tr\u00e8s impliqu\u00e9 dans la vie associative \u00e0 Bron \u00e0 l\u2019heure de la retraite, Andr\u00e9 Martinak a donn\u00e9 beaucoup de son temps libre aux autres.<\/p>\n<p>Le Progr\u00e8s pr\u00e9sente ses condol\u00e9ances \u00e0 toute sa famille.<\/p>\n<p class=\"note\">Obs\u00e8ques, jeudi 15\u00a0mai \u00e0 10\u00a0heures en l\u2019\u00e9glise de Cusset \u00e0 Villeurbanne<\/p>\n","protected":false},"excerpt":{"rendered":"P\u00e8re de cinq enfants et ancien directeur de l\u2019imprimerie Rey \u00e0 Lyon, Andr\u00e9 Martinak est d\u00e9c\u00e9d\u00e9 dans sa&hellip;\n","protected":false},"author":2,"featured_media":92727,"comment_status":"","ping_status":"","sticky":false,"template":"","format":"standard","meta":{"footnotes":""},"categories":[1889],"tags":[1111,11,2430,2757,1777,674,1011,27,2428,2756,12,25,104],"class_list":{"0":"post-92726","1":"post","2":"type-post","3":"status-publish","4":"format-standard","5":"has-post-thumbnail","7":"category-lyon","8":"tag-actu","9":"tag-actualites","10":"tag-auvergne-rhone-alpes","11":"tag-edition-lyon-villeurbanne","12":"tag-eu","13":"tag-europe","14":"tag-fr","15":"tag-france","16":"tag-lyon","17":"tag-lyon-bassin","18":"tag-news","19":"tag-republique-francaise","20":"tag-societe"},"share_on_mastodon":{"url":"https:\/\/pubeurope.com\/@fr\/114491397471503766","error":""},"_links":{"self":[{"href":"https:\/\/www.europesays.com\/fr\/wp-json\/wp\/v2\/posts\/92726","targetHints":{"allow":["GET"]}}],"collection":[{"href":"https:\/\/www.europesays.com\/fr\/wp-json\/wp\/v2\/posts"}],"about":[{"href":"https:\/\/www.europesays.com\/fr\/wp-json\/wp\/v2\/types\/post"}],"author":[{"embeddable":true,"href":"https:\/\/www.europesays.com\/fr\/wp-json\/wp\/v2\/users\/2"}],"replies":[{"embeddable":true,"href":"https:\/\/www.europesays.com\/fr\/wp-json\/wp\/v2\/comments?post=92726"}],"version-history":[{"count":0,"href":"https:\/\/www.europesays.com\/fr\/wp-json\/wp\/v2\/posts\/92726\/revisions"}],"wp:featuredmedia":[{"embeddable":true,"href":"https:\/\/www.europesays.com\/fr\/wp-json\/wp\/v2\/media\/92727"}],"wp:attachment":[{"href":"https:\/\/www.europesays.com\/fr\/wp-json\/wp\/v2\/media?parent=92726"}],"wp:term":[{"taxonomy":"category","embeddable":true,"href":"https:\/\/www.europesays.com\/fr\/wp-json\/wp\/v2\/categories?post=92726"},{"taxonomy":"post_tag","embeddable":true,"href":"https:\/\/www.europesays.com\/fr\/wp-json\/wp\/v2\/tags?post=92726"}],"curies":[{"name":"wp","href":"https:\/\/api.w.org\/{rel}","templated":true}]}}