{"id":92730,"date":"2025-05-11T21:51:08","date_gmt":"2025-05-11T21:51:08","guid":{"rendered":"https:\/\/www.europesays.com\/fr\/92730\/"},"modified":"2025-05-11T21:51:08","modified_gmt":"2025-05-11T21:51:08","slug":"paris-des-jumelles-de-2-ans-chutent-du-premier-etage-dun-immeuble","status":"publish","type":"post","link":"https:\/\/www.europesays.com\/fr\/92730\/","title":{"rendered":"Paris\u00a0: des jumelles de 2 ans chutent du premier \u00e9tage d\u2019un immeuble"},"content":{"rendered":"<p class=\"paragraph text_align_left\">Deux enfants ont \u00e9t\u00e9 victimes d\u2019un dramatique accident ce dimanche soir \u00e0 Paris (XVIe). Ces jumelles, \u00e2g\u00e9es de 2 ans, ont chut\u00e9 du premier \u00e9tage d\u2019un immeuble, d\u2019apr\u00e8s les pompiers.<\/p>\n<p class=\"paragraph text_align_left\">\u00ab\u00a0Nous avons pris en charge une victime en urgence absolue, sans notion d\u2019inconscience\u00a0\u00bb, nous pr\u00e9cise l\u2019officier des soldats du feu, ajoutant que \u00ab\u00a0l\u2019autre enfant est en urgence relative\u00a0\u00bb. Les fillettes ont toutes les deux \u00e9t\u00e9 transport\u00e9es \u00e0 l\u2019h\u00f4pital.<\/p>\n<p class=\"paragraph text_align_left\">Une source polici\u00e8re \u00e9voque quant \u00e0 elle <a href=\"https:\/\/www.leparisien.fr\/paris-75\/paris-une-jeune-femme-se-tue-en-chutant-du-toit-du-pantheon-11-05-2025-D5PCI5QYKVBG5C6KTO3BCORYKE.php\" target=\"_blank\" rel=\"nofollow noopener\">une chute<\/a> du deuxi\u00e8me \u00e9tage, et nous indique que l\u2019une des fillettes \u00e9tait inconsciente. Le Samu Necker est intervenu.<\/p>\n<p>La gardienne de l\u2019immeuble a d\u00e9couvert les fillettes<\/p>\n<p class=\"paragraph text_align_left\">Peu d\u2019\u00e9l\u00e9ments filtrent sur les circonstances du drame survenu \u00e0 21h30. C\u2019est la gardienne de l\u2019immeuble qui a d\u00e9couvert les deux enfants. Selon un policier, elle les a m\u00eame raccompagn\u00e9es \u00e0 leurs parents, avant que l\u2019une d\u2019entre elles ne perde connaissance.<\/p>\n<p class=\"paragraph text_align_left\">Une enqu\u00eate a \u00e9t\u00e9 ouverte pour d\u00e9terminer plus pr\u00e9cis\u00e9ment les circonstances. L\u2019hypoth\u00e8se d\u2019un accident ne ferait pas de doute, nous confirme ce dimanche soir J\u00e9r\u00e9my Redler, le maire (LR) du XVIe\u00a0arrondissement. \u00ab\u00a0Je tiens \u00e0 apporter tout mon soutien \u00e0 la famille des deux enfants\u00a0\u00bb, d\u00e9clare l\u2019\u00e9lu.<\/p>\n","protected":false},"excerpt":{"rendered":"Deux enfants ont \u00e9t\u00e9 victimes d\u2019un dramatique accident ce dimanche soir \u00e0 Paris (XVIe). Ces jumelles, \u00e2g\u00e9es de&hellip;\n","protected":false},"author":2,"featured_media":92731,"comment_status":"","ping_status":"","sticky":false,"template":"","format":"standard","meta":{"footnotes":""},"categories":[1888],"tags":[11,1777,674,118,1011,27,1944,12,626,25],"class_list":{"0":"post-92730","1":"post","2":"type-post","3":"status-publish","4":"format-standard","5":"has-post-thumbnail","7":"category-paris","8":"tag-actualites","9":"tag-eu","10":"tag-europe","11":"tag-faits-divers","12":"tag-fr","13":"tag-france","14":"tag-ma-ville","15":"tag-news","16":"tag-paris","17":"tag-republique-francaise"},"share_on_mastodon":{"url":"https:\/\/pubeurope.com\/@fr\/114491417230383183","error":""},"_links":{"self":[{"href":"https:\/\/www.europesays.com\/fr\/wp-json\/wp\/v2\/posts\/92730","targetHints":{"allow":["GET"]}}],"collection":[{"href":"https:\/\/www.europesays.com\/fr\/wp-json\/wp\/v2\/posts"}],"about":[{"href":"https:\/\/www.europesays.com\/fr\/wp-json\/wp\/v2\/types\/post"}],"author":[{"embeddable":true,"href":"https:\/\/www.europesays.com\/fr\/wp-json\/wp\/v2\/users\/2"}],"replies":[{"embeddable":true,"href":"https:\/\/www.europesays.com\/fr\/wp-json\/wp\/v2\/comments?post=92730"}],"version-history":[{"count":0,"href":"https:\/\/www.europesays.com\/fr\/wp-json\/wp\/v2\/posts\/92730\/revisions"}],"wp:featuredmedia":[{"embeddable":true,"href":"https:\/\/www.europesays.com\/fr\/wp-json\/wp\/v2\/media\/92731"}],"wp:attachment":[{"href":"https:\/\/www.europesays.com\/fr\/wp-json\/wp\/v2\/media?parent=92730"}],"wp:term":[{"taxonomy":"category","embeddable":true,"href":"https:\/\/www.europesays.com\/fr\/wp-json\/wp\/v2\/categories?post=92730"},{"taxonomy":"post_tag","embeddable":true,"href":"https:\/\/www.europesays.com\/fr\/wp-json\/wp\/v2\/tags?post=92730"}],"curies":[{"name":"wp","href":"https:\/\/api.w.org\/{rel}","templated":true}]}}