{"id":92732,"date":"2025-05-11T21:52:10","date_gmt":"2025-05-11T21:52:10","guid":{"rendered":"https:\/\/www.europesays.com\/fr\/92732\/"},"modified":"2025-05-11T21:52:10","modified_gmt":"2025-05-11T21:52:10","slug":"le-paris-saint-germain-prend-sa-revanche-et-rejoint-lyon-en-finale","status":"publish","type":"post","link":"https:\/\/www.europesays.com\/fr\/92732\/","title":{"rendered":"le Paris Saint-Germain prend sa revanche et rejoint Lyon en finale"},"content":{"rendered":"<p>Les joueuses du Paris Saint-Germain ont r\u00e9ussi \u00e0 se relever d&rsquo;une semaine mouvement\u00e9e, cons\u00e9quence de ce revers sous les yeux du pr\u00e9sident du PSG, <a href=\"https:\/\/www.ledauphine.com\/p\/nasser-al-khelaifi\" target=\"_blank\" rel=\"nofollow noopener\">Nasser al-Khela\u00effi<\/a> et du s\u00e9lectionneur de l&rsquo;\u00e9quipe de France Laurent Bonadei.<\/p>\n<p>Pari r\u00e9ussi pour Paulo Cesar<\/p>\n<p>En une semaine, leur entra\u00eeneur, Fabrice Abriel &#8211; critiqu\u00e9 pour ses r\u00e9sultats, son management et ses relations tendues avec les cadres Grace Geyoro et Sakina Karchaoui &#8211; a \u00e9t\u00e9 mis \u00e0 pied lundi et remplac\u00e9 provisoirement par Paulo Cesar, qui coachait jusqu&rsquo;ici les U19. <a href=\"https:\/\/www.ledauphine.com\/sport\/2025\/05\/07\/vive-altercation-entre-marie-antoinette-katoto-et-le-directeur-sportif-du-psg-feminin\" target=\"_blank\" rel=\"nofollow noopener\">Le m\u00eame jour, une altercation a eu lieu entre le directeur sportif Angelo Castellazzi et l&rsquo;attaquante vedette Marie-Antoinette Katoto<\/a>.<\/p>\n<p>L&rsquo;avant-centre, en fin de contrat et sur le d\u00e9part du club dans lequel elle joue depuis ses 12 ans, est rest\u00e9e sur le banc et sous sa capuche tout au long du match. Celle qui s&rsquo;est \u00e9chauff\u00e9e avant le match aura donc encore l&rsquo;occasion de jouer ses derni\u00e8res minutes sous le maillot parisien lors de la finale du championnat vendredi prochain \u00e0 Lyon, au <a href=\"https:\/\/www.ledauphine.com\/p\/groupama-stadium\" target=\"_blank\" rel=\"nofollow noopener\">Groupama Stadium<\/a>.<\/p>\n<p>Pour son deuxi\u00e8me match en moins de cinq jours sur le banc, Paulo C\u00e9sar a privil\u00e9gi\u00e9 une d\u00e9fense \u00e0 trois avec un milieu Karchaoui-Geyoro-Groenen. Comme un symbole, Sakina Karchaoui a lib\u00e9r\u00e9 ses co\u00e9quipi\u00e8res en doublant la mise sur une frappe bien crois\u00e9e, qui a tromp\u00e9 la porti\u00e8re du PFC, pas assez bien plac\u00e9e (2-0, 55e). L&rsquo;internationale fran\u00e7aise, non convoqu\u00e9e plusieurs matches par l&rsquo;ancien coach Fabrice Abriel, a c\u00e9l\u00e9br\u00e9 son but dans les bras de son rempla\u00e7ant.<\/p>\n<p>Une derni\u00e8re \u00e9mouvante pour Ga\u00ebtane Thiney<\/p>\n<p>En d\u00e9but de match, l&rsquo;attaquante du PSG Rom\u00e9e Leuchter avait ouvert le score en profitant d&rsquo;une grosse m\u00e9sentente entre la gardienne Chiamaka Nnadozie et la d\u00e9fenseuse Deja Davis, en difficult\u00e9 toute la rencontre (1-0, 2e). Les co\u00e9quipi\u00e8res de Clara Mateo, la meilleure buteuse du championnat qui a tent\u00e9 sans \u00eatre d\u00e9cisive (21e, 27e), ne se sont jamais remises de cette entame catastrophique. La milieu offensive du PSG Korbin Albert a m\u00eame alourdi le score en toute fin de match (3-0, 90e+1).<\/p>\n<p>Cette demi-finale fut donc le dernier match de Ga\u00ebtane Thiney (39 ans), apr\u00e8s 25 ans de carri\u00e8re, dont douze comme internationale entre 2007 et 2019 (163 s\u00e9lections, 58 buts). Celle qui a \u00e9t\u00e9 encore l&rsquo;une des joueuses du PFC les plus en vue dimanche soir a remport\u00e9 la semaine derni\u00e8re son premier troph\u00e9e, apr\u00e8s la victoire en Coupe de France. Au coup de sifflet final, toute l&rsquo;\u00e9quipe s&rsquo;est resserr\u00e9e autour de la capitaine, \u00e9mue aux larmes.<\/p>\n","protected":false},"excerpt":{"rendered":"Les joueuses du Paris Saint-Germain ont r\u00e9ussi \u00e0 se relever d&rsquo;une semaine mouvement\u00e9e, cons\u00e9quence de ce revers sous&hellip;\n","protected":false},"author":2,"featured_media":92733,"comment_status":"","ping_status":"","sticky":false,"template":"","format":"standard","meta":{"footnotes":""},"categories":[1888],"tags":[11,1777,674,107,63,1011,27,12,626,25,517,1947],"class_list":{"0":"post-92732","1":"post","2":"type-post","3":"status-publish","4":"format-standard","5":"has-post-thumbnail","7":"category-paris","8":"tag-actualites","9":"tag-eu","10":"tag-europe","11":"tag-fil-info","12":"tag-football","13":"tag-fr","14":"tag-france","15":"tag-news","16":"tag-paris","17":"tag-republique-francaise","18":"tag-sport","19":"tag-sport-national"},"share_on_mastodon":{"url":"https:\/\/pubeurope.com\/@fr\/114491421102972766","error":""},"_links":{"self":[{"href":"https:\/\/www.europesays.com\/fr\/wp-json\/wp\/v2\/posts\/92732","targetHints":{"allow":["GET"]}}],"collection":[{"href":"https:\/\/www.europesays.com\/fr\/wp-json\/wp\/v2\/posts"}],"about":[{"href":"https:\/\/www.europesays.com\/fr\/wp-json\/wp\/v2\/types\/post"}],"author":[{"embeddable":true,"href":"https:\/\/www.europesays.com\/fr\/wp-json\/wp\/v2\/users\/2"}],"replies":[{"embeddable":true,"href":"https:\/\/www.europesays.com\/fr\/wp-json\/wp\/v2\/comments?post=92732"}],"version-history":[{"count":0,"href":"https:\/\/www.europesays.com\/fr\/wp-json\/wp\/v2\/posts\/92732\/revisions"}],"wp:featuredmedia":[{"embeddable":true,"href":"https:\/\/www.europesays.com\/fr\/wp-json\/wp\/v2\/media\/92733"}],"wp:attachment":[{"href":"https:\/\/www.europesays.com\/fr\/wp-json\/wp\/v2\/media?parent=92732"}],"wp:term":[{"taxonomy":"category","embeddable":true,"href":"https:\/\/www.europesays.com\/fr\/wp-json\/wp\/v2\/categories?post=92732"},{"taxonomy":"post_tag","embeddable":true,"href":"https:\/\/www.europesays.com\/fr\/wp-json\/wp\/v2\/tags?post=92732"}],"curies":[{"name":"wp","href":"https:\/\/api.w.org\/{rel}","templated":true}]}}