{"id":92734,"date":"2025-05-11T21:53:09","date_gmt":"2025-05-11T21:53:09","guid":{"rendered":"https:\/\/www.europesays.com\/fr\/92734\/"},"modified":"2025-05-11T21:53:09","modified_gmt":"2025-05-11T21:53:09","slug":"le-dassault-aviation-rafale-fait-peur-a-la-chine-et-a-la-russie-avionslegendaires-net","status":"publish","type":"post","link":"https:\/\/www.europesays.com\/fr\/92734\/","title":{"rendered":"Le Dassault Aviation Rafale fait peur \u00e0 la Chine et \u00e0 la Russie. \u2014 avionslegendaires.net"},"content":{"rendered":"<p>La r\u00e9cente <a href=\"https:\/\/www.avionslegendaires.net\/2025\/05\/actu\/des-dassault-aviation-rafale-indiens-ont-ils-vraiment-ete-descendus-par-le-pakistan\/\" target=\"_blank\" rel=\"noopener\">perte au combat d\u2019un exemplaire indien<\/a>, la premi\u00e8re dans la carri\u00e8re internationale de l\u2019avion, a d\u00e9clench\u00e9 un flot de haine en ligne et de trolling assez in\u00e9dits. <strong>On savait d\u00e9j\u00e0 qu\u2019<a href=\"https:\/\/www.avionslegendaires.net\/2024\/08\/actu\/la-russie-declare-la-guerre-au-dassault-aviation-rafale-a-coups-de-fakenews\/\" target=\"_blank\" rel=\"noopener\">\u00e0 Moscou plus d\u2019un g\u00e9n\u00e9ral \u00e9tait effray\u00e9<\/a> par le <a href=\"https:\/\/www.avionslegendaires.net\/avion-militaire\/dassault-aviation-rafale\/\" target=\"_blank\" rel=\"noopener\">Dassault Aviation Rafale<\/a> on d\u00e9couvre d\u00e9sormais que c\u2019est aussi le cas \u00e0 P\u00e9kin et Islamabad<\/strong>. <strong>Dans cette guerre hybride des trolls professionnels, propagateurs de haine num\u00e9rique, se font une sp\u00e9cialit\u00e9 depuis quelques jours maintenant d\u2019en remettre une couche sur le bijou des bureaux d\u2019\u00e9tudes clodoaldiens<\/strong>. Essayons d\u2019analyser froidement le pourquoi du comment.<\/p>\n<p>D\u2019abord oui \u00e0 priori il est d\u00e9sormais quasi assur\u00e9 qu\u2019un monoplace omnir\u00f4les Rafale EH a \u00e9t\u00e9 perdu au combat durant l\u2019op\u00e9ration Sindoor men\u00e9e contre des positions terroristes au Pakistan. Maintenant de s\u2019avoir si c\u2019est le fait d\u2019un tir <a href=\"https:\/\/www.avionslegendaires.net\/dossier\/kesako\/dca\/\" target=\"_blank\" rel=\"noopener\">de DCA<\/a> ou d\u2019un chasseur adverse on n\u2019est sans doute pas pr\u00e8s de la savoir. Il n\u2019en demeure pas moins que les militaires et m\u00e9dias pakistanais glorifient \u00e0 l\u2019exc\u00e8s ce fait de guerre. Sindoor a \u00e9galement mis en lumi\u00e8re la mauvaise pr\u00e9paration en amont de l\u2019Indian Air Force qui semble avoir sous-estim\u00e9 son ennemi ou bien avoir surestim\u00e9 ses propres capacit\u00e9s offensives.<\/p>\n<p>Objectivement parlant cette op\u00e9ration militaire est donc une r\u00e9ussite en demi-teinte. Bien s\u00fbr les missiles de croisi\u00e8re tir\u00e9s par les avions de l\u2019Indian Air Force, et en premier lieu le couple Rafale \u2013 SCALP-EG, ont fait globalement coups au but. Ces derniers sont d\u2019ailleurs \u00e0 priori demeur\u00e9s dans l\u2019espace a\u00e9rien souverain de l\u2019Inde obligeant la chasse pakistanaise \u00e0 le violer. Ce qui explique notamment que le Rafale EH perdu l\u2019ait \u00e9t\u00e9 au-dessus du territoire indien et non du territoire pakistanais. Les <a href=\"https:\/\/www.avionslegendaires.net\/avion-militaire\/sukhoi-su-30-flanker-c\/\" target=\"_blank\" rel=\"noopener\">Sukhoi Su-30MKI Flanker-H<\/a> et leurs missiles de croisi\u00e8re BrahMos ont eux visiblement \u00e9t\u00e9 oblig\u00e9 de frapper depuis le ciel pakistanais. Idem des <a href=\"https:\/\/www.avionslegendaires.net\/avion-militaire\/mikoyan-mig-29-fulcrum\/\" target=\"_blank\" rel=\"noopener\">MiKoyan MiG-29UPG Fulcrum<\/a> dont l\u00e0 encore un exemplaire a \u00e9t\u00e9 descendu, tomb\u00e9 lui au Pakistan.<\/p>\n<p>Perdre un Rafale EH en op\u00e9ration de guerre sym\u00e9trique est certes triste mais sans grande gravit\u00e9 en soit pour l\u2019avenir commercial de l\u2019avion. Tous les appareils, quel que soit le mod\u00e8le, ont \u00e9t\u00e9 perdu lors de tels conflits. Les guerres isra\u00e9lo-arabes ont co\u00fbt\u00e9s des chasseurs et des avions d\u2019attaque dans les deux camps sans jamais mettre en p\u00e9ril leurs ventes par les \u00c9tats-Unis, l\u2019Union Sovi\u00e9tique, ou encore les pays europ\u00e9ens. Il en est de m\u00eame de la guerre du Vietnam. Qu\u2019un avion de combat soit descendu en op\u00e9ration rel\u00e8ve presque de la normalit\u00e9 de la guerre. D\u2019autant que dans le cas du Rafale EH le pilote a pu s\u2019\u00e9jecter et \u00eatre r\u00e9cup\u00e9r\u00e9 sain et sauf.<\/p>\n<p>L\u2019op\u00e9ration Sindoor, aussi imparfaite soit-elle, a donc d\u00e9montr\u00e9 que le Dassault Aviation Rafale EH \u00e9tait bien l\u2019avion de combat du haut du spectre de la <a href=\"https:\/\/www.avionslegendaires.net\/dossier\/la-propulsion-a-reaction\/les-generations-de-chasseurs-a-reaction\/\" target=\"_blank\" rel=\"noopener\">g\u00e9n\u00e9ration 4.5<\/a>. En terme tactique il est capable de frapper avec pr\u00e9cision des cibles ennemies en pleine nuit et \u00e0 distance de s\u00e9curit\u00e9. En terme de survivabilit\u00e9 il peut subir les impacts et voler jusqu\u2019\u00e0 mettre son pilote \u00e0 l\u2019abri de l\u2019ennemi. Deux faits qui ont \u00e9t\u00e9 d\u00e9montr\u00e9 et qui viennent s\u2019ajouter aux capacit\u00e9s <a href=\"https:\/\/www.avionslegendaires.net\/2020\/07\/actu\/en-irak-et-en-syrie-nos-rafale-ont-vole-2000-heures-depuis-debut-2020\/\" target=\"_blank\" rel=\"noopener\">connues depuis les engagements asym\u00e9triques de la France<\/a> contre les groupes djihadistes au Sahel et au Levant. Et \u00e7a clairement \u00e7a ne plait pas aux adversaires, et encore moins au ennemis, de notre pays.<\/p>\n<p>On savait depuis plusieurs mois que les Russes sont litt\u00e9ralement effray\u00e9s par les capacit\u00e9s r\u00e9elles du Dassault Aviation Rafale, notamment en mati\u00e8re air-air. Leurs rencontres avec lui, <a href=\"https:\/\/www.avionslegendaires.net\/2022\/10\/actu\/le-dassault-aviation-rafale-decouvre-la-baltique\/\" target=\"_blank\" rel=\"noopener\">principalement en mer Baltique<\/a> et <a href=\"https:\/\/www.avionslegendaires.net\/2023\/10\/actu\/des-dassault-aviation-rafale-f3-r-deployes-en-roumanie\/\" target=\"_blank\" rel=\"noopener\">en mer Noire<\/a>, leur ont laiss\u00e9 un arri\u00e8re-go\u00fbt amer. Le Rafale est sup\u00e9rieur \u00e0 tous leurs chasseurs d\u00e9riv\u00e9s du <a href=\"https:\/\/www.avionslegendaires.net\/avion-militaire\/sukhoi-su-27-flanker\/\" target=\"_blank\" rel=\"noopener\">Sukhoi Su-27 Flanker<\/a>, <a href=\"https:\/\/www.avionslegendaires.net\/avion-militaire\/sukhoi-su-35-flanker-e\/\" target=\"_blank\" rel=\"noopener\">Su-35 Flanker-E<\/a> compris. En outre ils savent <a href=\"https:\/\/www.avionslegendaires.net\/2024\/02\/actu\/le-dassault-aviation-rafale-futur-garde-du-corps-nucleaire-de-leurope\/\" target=\"_blank\" rel=\"noopener\">qu\u2019avec le missile ASMP-A<\/a> il repr\u00e9sente, sous couleurs de l\u2019Arm\u00e9e de l\u2019Air et de l\u2019Espace, un danger absolu pour l\u2019int\u00e9grit\u00e9 de leur territoire.<\/p>\n<p>On se doutait que les Chinois et les Pakistanais ne le portaient pas particuli\u00e8rement dans leur c\u0153ur. Aux vues des centaines de fake news qui inondent les m\u00e9dias de ces deux pays depuis quatre jours autour de l\u2019avion fran\u00e7ais on a la confirmation : eux aussi en ont une trouille ph\u00e9nom\u00e9nale. Il y a d\u2019abord les images de carcasses fumantes d\u2019avions pr\u00e9sent\u00e9s comme des Rafale EH et finalement d\u00e9bunk\u00e9es quelques heures plus tard comme ant\u00e9rieures \u00e0 l\u2019op\u00e9ration Sindoor et montrant tout sauf des Rafale. Il y a ensuite des pseudos experts qui vont venir vous expliquer \u00e0 quel point les <a href=\"https:\/\/www.avionslegendaires.net\/avion-militaire\/chengdu-j-10-firebird\/\" target=\"_blank\" rel=\"noopener\">Chengdu F-10 Firebird<\/a> pakistanais sont sup\u00e9rieurs aux Rafale EH indiens, sans jamais apporter le moindre \u00e9l\u00e9ment factuel comme un affrontement ou encore au moins une ou deux entrevues entre ces avions comme nous le faisons ici m\u00eame r\u00e9guli\u00e8rement entre le Rafale et les chasseurs russes.<\/p>\n<p>Et comme si cela ne suffisait pas il y a les trolls qui dans un fran\u00e7ais approximatif viennent vomir sur les r\u00e9seaux sociaux (Facebook, Instagram, TikTok, X) leur haine de la France et du Dassault Aviation Rafale ? Sont-ils chinois ? Sont-ils pakistanais ? Sont-ils russes ? On l\u2019ignore. Ils pourraient m\u00eame venir de pays d\u2019Afrique francophone. Toujours est-il que leur argumentaire pour d\u00e9monter l\u2019avion de Dassault Aviation se base sur\u2026 du vent. Ils reprennent pour eux les fake news pakistanaises et les gonflent.<\/p>\n<p>Tout cela mit bout \u00e0 bout d\u00e9montre que Chinois, Russes, et Pakistanais d\u00e9testent le Rafale et en ont peur. C\u2019est donc un excellent argument commercial pour l\u2019avion de combat fran\u00e7ais. Car s\u2019ils n\u2019en avaient pas \u00e0 ce point la trouille ils ne mettraient pas autant d\u2019\u00e9nergie \u00e0 d\u00e9grader son image. On ne s\u2019attaque jamais qu\u2019\u00e0 ce qui nous d\u00e9range.<\/p>\n<p>Photo \u00a9 minist\u00e8re des Arm\u00e9es.<\/p>\n<p>\tEn savoir plus sur avionslegendaires.net<\/p>\n<p class=\"has-text-align-center\" style=\"margin-top:10px;margin-bottom:10px;font-size:15px\">Subscribe to get the latest posts sent to your email.<\/p>\n","protected":false},"excerpt":{"rendered":"La r\u00e9cente perte au combat d\u2019un exemplaire indien, la premi\u00e8re dans la carri\u00e8re internationale de l\u2019avion, a d\u00e9clench\u00e9&hellip;\n","protected":false},"author":2,"featured_media":92735,"comment_status":"","ping_status":"","sticky":false,"template":"","format":"standard","meta":{"footnotes":""},"categories":[1591],"tags":[11,309,20465,20286,842,1887,12,20466,14488,15828,1885,1886,132,20464],"class_list":{"0":"post-92734","1":"post","2":"type-post","3":"status-publish","4":"format-standard","5":"has-post-thumbnail","7":"category-russie","8":"tag-actualites","9":"tag-chine","10":"tag-conflit-indo-pakistanais","11":"tag-dassault-aviation","12":"tag-fake-news","13":"tag-federation-de-russie","14":"tag-news","15":"tag-operation-sindoor","16":"tag-pakistan","17":"tag-rafale","18":"tag-russia","19":"tag-russian-federation","20":"tag-russie","21":"tag-trolls"},"share_on_mastodon":{"url":"https:\/\/pubeurope.com\/@fr\/114491424973022052","error":""},"_links":{"self":[{"href":"https:\/\/www.europesays.com\/fr\/wp-json\/wp\/v2\/posts\/92734","targetHints":{"allow":["GET"]}}],"collection":[{"href":"https:\/\/www.europesays.com\/fr\/wp-json\/wp\/v2\/posts"}],"about":[{"href":"https:\/\/www.europesays.com\/fr\/wp-json\/wp\/v2\/types\/post"}],"author":[{"embeddable":true,"href":"https:\/\/www.europesays.com\/fr\/wp-json\/wp\/v2\/users\/2"}],"replies":[{"embeddable":true,"href":"https:\/\/www.europesays.com\/fr\/wp-json\/wp\/v2\/comments?post=92734"}],"version-history":[{"count":0,"href":"https:\/\/www.europesays.com\/fr\/wp-json\/wp\/v2\/posts\/92734\/revisions"}],"wp:featuredmedia":[{"embeddable":true,"href":"https:\/\/www.europesays.com\/fr\/wp-json\/wp\/v2\/media\/92735"}],"wp:attachment":[{"href":"https:\/\/www.europesays.com\/fr\/wp-json\/wp\/v2\/media?parent=92734"}],"wp:term":[{"taxonomy":"category","embeddable":true,"href":"https:\/\/www.europesays.com\/fr\/wp-json\/wp\/v2\/categories?post=92734"},{"taxonomy":"post_tag","embeddable":true,"href":"https:\/\/www.europesays.com\/fr\/wp-json\/wp\/v2\/tags?post=92734"}],"curies":[{"name":"wp","href":"https:\/\/api.w.org\/{rel}","templated":true}]}}