{"id":92738,"date":"2025-05-11T21:55:09","date_gmt":"2025-05-11T21:55:09","guid":{"rendered":"https:\/\/www.europesays.com\/fr\/92738\/"},"modified":"2025-05-11T21:55:09","modified_gmt":"2025-05-11T21:55:09","slug":"le-hamas-en-discussions-avec-les-etats-unis-israel-determine-a-sopposer-a-un-etat-palestinien","status":"publish","type":"post","link":"https:\/\/www.europesays.com\/fr\/92738\/","title":{"rendered":"le Hamas en discussions avec les \u00c9tats-Unis, Isra\u00ebl d\u00e9termin\u00e9 \u00e0 s&rsquo;opposer \u00e0 un \u00c9tat palestinien"},"content":{"rendered":"<p>Les \u00c9tats-Unis et des repr\u00e9sentants du Hamas ont eu des discussions directes \u00e0 Doha, en vue d&rsquo;une tr\u00eave \u00e0 Gaza, ont annonc\u00e9 des responsables du mouvement palestinien ce dimanche 11 mai. De son c\u00f4t\u00e9, le ministre isra\u00e9lien des Affaires \u00e9trang\u00e8res a rappel\u00e9 que la reconnaissance d&rsquo;un \u00c9tat palestinien entra\u00eenera des \u00ab mesures unilat\u00e9rales \u00bb.<\/p>\n<p>Des repr\u00e9sentants du Hamas et des <strong><a href=\"https:\/\/www.rfi.fr\/fr\/tag\/\u00e9tats-unis\/\" class=\"link \" rel=\"nofollow noopener\" target=\"_blank\" data-ylk=\"slk:\u00c9tats-Unis;elm:context_link;itc:0;sec:content-canvas\">\u00c9tats-Unis<\/a><\/strong> ont eu des discussions directes \u00e0 Doha, ont annonc\u00e9 dimanche \u00e0 l&rsquo;AFP deux responsables du mouvement islamiste palestinien, l&rsquo;un d&rsquo;eux faisant \u00e9tat de \u00ab progr\u00e8s \u00bb en vue d&rsquo;une tr\u00eave \u00e0 Gaza.<\/p>\n<p>\u00ab Des pourparlers directs ont eu lieu \u00e0 Doha entre la direction du Hamas et les \u00c9tats-Unis concernant un cessez-le-feu, un \u00e9change de prisonniers (otages isra\u00e9liens contre prisonniers palestiniens) et l&rsquo;entr\u00e9e de l&rsquo;aide humanitaire \u00e0 Gaza \u00bb, a dit l&rsquo;un des responsables, assurant que les \u00ab discussions sont toujours en cours \u00bb.<\/p>\n<p>Le Hamas a annonc\u00e9 son intention de lib\u00e9rer \u00e0 une date non pr\u00e9cis\u00e9e l&rsquo;otage isra\u00e9lo-am\u00e9ricain Edan Alexander apr\u00e8s avoir fait \u00e9tat de n\u00e9gociations directes avec les \u00c9tats-Unis \u00e0 Doha. Seul otage vivant ayant la nationalit\u00e9 am\u00e9ricaine encore retenu \u00e0 Gaza, il a \u00e9t\u00e9 enlev\u00e9 alors qu&rsquo;il servait dans une unit\u00e9 d&rsquo;\u00e9lite dans le sud d&rsquo;Isra\u00ebl, lors d&rsquo;une attaque sans pr\u00e9c\u00e9dent men\u00e9e le 7-Octobre par le Hamas. \u00ab Edan Alexander sera lib\u00e9r\u00e9 dans le cadre des efforts d\u00e9ploy\u00e9s en vue d&rsquo;un cessez-le-feu, de l&rsquo;ouverture des points de passage et de l&rsquo;entr\u00e9e de l&rsquo;aide et des secours \u00e0 notre peuple \u00e0 Gaza \u00bb, a indiqu\u00e9 le mouvement palestinien dans un communiqu\u00e9.<\/p>\n<p><a href=\"https:\/\/www.rfi.fr\/fr\/moyen-orient\/20250511-gaza-le-hamas-en-discussions-avec-les-%C3%A9tats-unis-isra%C3%ABl-d%C3%A9termin%C3%A9-%C3%A0-s-opposer-%C3%A0-un-%C3%A9tat-palestinien\" rel=\"nofollow noopener\" target=\"_blank\" data-ylk=\"slk:Lire la suite sur RFI;elm:context_link;itc:0;sec:content-canvas\" class=\"link \">Lire la suite sur RFI<\/a><\/p>\n","protected":false},"excerpt":{"rendered":"Les \u00c9tats-Unis et des repr\u00e9sentants du Hamas ont eu des discussions directes \u00e0 Doha, en vue d&rsquo;une tr\u00eave&hellip;\n","protected":false},"author":2,"featured_media":92739,"comment_status":"","ping_status":"","sticky":false,"template":"","format":"standard","meta":{"footnotes":""},"categories":[1589],"tags":[11,20468,8421,73,1866,665,3519,20467,12,1864,1865,1863,308],"class_list":{"0":"post-92738","1":"post","2":"type-post","3":"status-publish","4":"format-standard","5":"has-post-thumbnail","7":"category-etats-unis","8":"tag-actualites","9":"tag-doha","10":"tag-etat-palestinien","11":"tag-etats-unis","12":"tag-etats-unis-damerique","13":"tag-gaza","14":"tag-hamas","15":"tag-mouvement-palestinien","16":"tag-news","17":"tag-united-states","18":"tag-united-states-of-america","19":"tag-us","20":"tag-usa"},"share_on_mastodon":{"url":"https:\/\/pubeurope.com\/@fr\/114491432925030651","error":""},"_links":{"self":[{"href":"https:\/\/www.europesays.com\/fr\/wp-json\/wp\/v2\/posts\/92738","targetHints":{"allow":["GET"]}}],"collection":[{"href":"https:\/\/www.europesays.com\/fr\/wp-json\/wp\/v2\/posts"}],"about":[{"href":"https:\/\/www.europesays.com\/fr\/wp-json\/wp\/v2\/types\/post"}],"author":[{"embeddable":true,"href":"https:\/\/www.europesays.com\/fr\/wp-json\/wp\/v2\/users\/2"}],"replies":[{"embeddable":true,"href":"https:\/\/www.europesays.com\/fr\/wp-json\/wp\/v2\/comments?post=92738"}],"version-history":[{"count":0,"href":"https:\/\/www.europesays.com\/fr\/wp-json\/wp\/v2\/posts\/92738\/revisions"}],"wp:featuredmedia":[{"embeddable":true,"href":"https:\/\/www.europesays.com\/fr\/wp-json\/wp\/v2\/media\/92739"}],"wp:attachment":[{"href":"https:\/\/www.europesays.com\/fr\/wp-json\/wp\/v2\/media?parent=92738"}],"wp:term":[{"taxonomy":"category","embeddable":true,"href":"https:\/\/www.europesays.com\/fr\/wp-json\/wp\/v2\/categories?post=92738"},{"taxonomy":"post_tag","embeddable":true,"href":"https:\/\/www.europesays.com\/fr\/wp-json\/wp\/v2\/tags?post=92738"}],"curies":[{"name":"wp","href":"https:\/\/api.w.org\/{rel}","templated":true}]}}