{"id":92746,"date":"2025-05-11T21:59:09","date_gmt":"2025-05-11T21:59:09","guid":{"rendered":"https:\/\/www.europesays.com\/fr\/92746\/"},"modified":"2025-05-11T21:59:09","modified_gmt":"2025-05-11T21:59:09","slug":"et-si-le-big-bang-navait-jamais-eu-lieu-une-theorie-de-ce-scientifique-renverse-nos-idees-sur-lorigine-de-lunivers","status":"publish","type":"post","link":"https:\/\/www.europesays.com\/fr\/92746\/","title":{"rendered":"\u00ab\u00a0Et si le Big Bang n\u2019avait jamais eu lieu ?\u00a0\u00bb Une th\u00e9orie de ce scientifique renverse nos id\u00e9es sur l\u2019origine de l\u2019univers"},"content":{"rendered":"<p>Et si l\u2019univers n\u2019\u00e9tait pas n\u00e9 d\u2019un unique Big Bang, mais d\u2019une s\u00e9rie de \u00ab\u00a0soubresauts\u00a0\u00bb discrets et invisibles ? C\u2019est l\u2019id\u00e9e audacieuse avanc\u00e9e par le physicien britannique Richard Lieu, professeur \u00e0 l\u2019Universit\u00e9 de l\u2019Alabama \u00e0 Huntsville, dans une r\u00e9cente \u00e9tude publi\u00e9e dans la revue Classical and Quantum Gravity .<\/p>\n<p><img fetchpriority=\"high\" decoding=\"async\" width=\"1024\" height=\"683\" src=\"https:\/\/www.europesays.com\/fr\/wp-content\/uploads\/2025\/05\/le-big-bang-remis-en-cause-par-un-scientifique-1024x683.webp.webp\" alt=\"Image du big bang\" class=\"wp-image-973525\"  \/><\/p>\n<p>Une alternative au Big Bang : les \u00ab\u00a0singularit\u00e9s temporelles\u00a0\u00bb<\/p>\n<p>Depuis pr\u00e8s d\u2019un si\u00e8cle, le mod\u00e8le du Big Bang domine la cosmologie. Il postule que l\u2019univers est n\u00e9 d\u2019un \u00e9v\u00e9nement initial extr\u00eamement dense et chaud, suivi d\u2019une expansion rapide. Mais ce mod\u00e8le repose sur deux entit\u00e9s jamais observ\u00e9es directement : la mati\u00e8re noire et l\u2019\u00e9nergie noire, cens\u00e9es repr\u00e9senter 95 % de l\u2019univers .<\/p>\n<p>Lire aussi <a href=\"https:\/\/dailygeekshow.com\/galaxie-hubble-2\/\" rel=\"nofollow noopener\" target=\"_blank\">Le t\u00e9lescope Hubble capture une image saisissante de la galaxie spirale NGC 1961<\/a><\/p>\n<p>Richard Lieu propose une vision radicalement diff\u00e9rente. Selon lui, l\u2019univers serait le r\u00e9sultat d\u2019une s\u00e9rie de \u00ab\u00a0singularit\u00e9s temporelles transitoires\u00a0\u00bb : des \u00e9v\u00e9nements extr\u00eamement brefs et localis\u00e9s dans le temps, qui injecteraient soudainement de la mati\u00e8re et de l\u2019\u00e9nergie dans l\u2019espace. Ces singularit\u00e9s, bien que fugaces, affecteraient uniform\u00e9ment l\u2019ensemble de l\u2019espace, provoquant des \u00ab\u00a0sauts\u00a0\u00bb d\u2019expansion cosmique .<\/p>\n<p>Une expansion par \u00e0-coups, sans mati\u00e8re ni \u00e9nergie noires<\/p>\n<p>Dans ce mod\u00e8le, chaque singularit\u00e9 g\u00e9n\u00e8re une \u00ab\u00a0pression n\u00e9gative\u00a0\u00bb, une force r\u00e9pulsive qui dilate l\u2019espace, similaire \u00e0 l\u2019effet attribu\u00e9 \u00e0 l\u2019\u00e9nergie noire. Contrairement aux th\u00e9ories pr\u00e9c\u00e9dentes, cette approche n\u2019implique pas de concepts exotiques comme la masse ou la densit\u00e9 n\u00e9gative, et respecte les lois de conservation de l\u2019\u00e9nergie .<\/p>\n<p>Lieu sugg\u00e8re que ces singularit\u00e9s, bien que non observables directement en raison de leur bri\u00e8vet\u00e9, pourraient expliquer l\u2019acc\u00e9l\u00e9ration de l\u2019expansion de l\u2019univers sans recourir \u00e0 des entit\u00e9s hypoth\u00e9tiques. Il compare leur effet \u00e0 celui d\u2019un champ magn\u00e9tique le long d\u2019une ligne de champ, une id\u00e9e d\u00e9j\u00e0 envisag\u00e9e par Einstein en 1917 .<\/p>\n<p>Lire aussi <a href=\"https:\/\/dailygeekshow.com\/chine-satellites\/\" rel=\"nofollow noopener\" target=\"_blank\">La Chine sauve deux satellites pi\u00e9g\u00e9s 123 jours dans l\u2019espace gr\u00e2ce \u00e0 l\u2019assistance gravitationnelle<\/a><\/p>\n<p>Vers une validation observationnelle<\/p>\n<p>Pour tester cette th\u00e9orie, Lieu propose d\u2019utiliser de grands t\u00e9lescopes terrestres, comme ceux de l\u2019observatoire Keck \u00e0 Hawa\u00ef ou du groupe Isaac Newton aux \u00eeles Canaries. En analysant la lumi\u00e8re de galaxies tr\u00e8s lointaines, il esp\u00e8re d\u00e9tecter des variations brutales du d\u00e9calage vers le rouge, des \u00ab\u00a0sauts\u00a0\u00bb qui pourraient \u00eatre les traces laiss\u00e9es par ces singularit\u00e9s .<\/p>\n<p>Si ces observations confirment le mod\u00e8le, cela pourrait remettre en cause les bases de la cosmologie moderne. La mati\u00e8re noire et l\u2019\u00e9nergie noire, jamais d\u00e9tect\u00e9es directement, pourraient \u00eatre remplac\u00e9es par des ph\u00e9nom\u00e8nes transitoires plus conformes aux lois physiques \u00e9tablies.<\/p>\n<p>Une r\u00e9volution cosmologique en perspective <\/p>\n<p>La th\u00e9orie des singularit\u00e9s temporelles de Richard Lieu offre une alternative intrigante au mod\u00e8le du Big Bang. En \u00e9liminant le besoin de composants non d\u00e9tect\u00e9s et en s\u2019appuyant sur des principes physiques \u00e9tablis, elle propose une nouvelle fa\u00e7on de comprendre l\u2019expansion et la structure de l\u2019univers.<\/p>\n<p>Lire aussi <a href=\"https:\/\/dailygeekshow.com\/pont-geant-espace\/\" rel=\"nofollow noopener\" target=\"_blank\">Un \u00ab pont \u00bb g\u00e9ant dans l\u2019espace pourrait r\u00e9soudre l\u2019un des plus grands myst\u00e8res de l\u2019Univers<\/a><\/p>\n<p>Reste \u00e0 savoir si les futures observations astronomiques viendront appuyer cette hypoth\u00e8se audacieuse. Si tel est le cas, notre compr\u00e9hension de l\u2019univers pourrait \u00eatre profond\u00e9ment transform\u00e9e.<\/p>\n","protected":false},"excerpt":{"rendered":"Et si l\u2019univers n\u2019\u00e9tait pas n\u00e9 d\u2019un unique Big Bang, mais d\u2019une s\u00e9rie de \u00ab\u00a0soubresauts\u00a0\u00bb discrets et invisibles&hellip;\n","protected":false},"author":2,"featured_media":92747,"comment_status":"","ping_status":"","sticky":false,"template":"","format":"standard","meta":{"footnotes":""},"categories":[1586],"tags":[11,20469,1777,674,1779,1011,27,12,25,1778,364,387],"class_list":{"0":"post-92746","1":"post","2":"type-post","3":"status-publish","4":"format-standard","5":"has-post-thumbnail","7":"category-europe","8":"tag-actualites","9":"tag-bigbang","10":"tag-eu","11":"tag-europe","12":"tag-european-union","13":"tag-fr","14":"tag-france","15":"tag-news","16":"tag-republique-francaise","17":"tag-ue","18":"tag-union-europeenne","19":"tag-univers"},"share_on_mastodon":{"url":"https:\/\/pubeurope.com\/@fr\/114491448636829112","error":""},"_links":{"self":[{"href":"https:\/\/www.europesays.com\/fr\/wp-json\/wp\/v2\/posts\/92746","targetHints":{"allow":["GET"]}}],"collection":[{"href":"https:\/\/www.europesays.com\/fr\/wp-json\/wp\/v2\/posts"}],"about":[{"href":"https:\/\/www.europesays.com\/fr\/wp-json\/wp\/v2\/types\/post"}],"author":[{"embeddable":true,"href":"https:\/\/www.europesays.com\/fr\/wp-json\/wp\/v2\/users\/2"}],"replies":[{"embeddable":true,"href":"https:\/\/www.europesays.com\/fr\/wp-json\/wp\/v2\/comments?post=92746"}],"version-history":[{"count":0,"href":"https:\/\/www.europesays.com\/fr\/wp-json\/wp\/v2\/posts\/92746\/revisions"}],"wp:featuredmedia":[{"embeddable":true,"href":"https:\/\/www.europesays.com\/fr\/wp-json\/wp\/v2\/media\/92747"}],"wp:attachment":[{"href":"https:\/\/www.europesays.com\/fr\/wp-json\/wp\/v2\/media?parent=92746"}],"wp:term":[{"taxonomy":"category","embeddable":true,"href":"https:\/\/www.europesays.com\/fr\/wp-json\/wp\/v2\/categories?post=92746"},{"taxonomy":"post_tag","embeddable":true,"href":"https:\/\/www.europesays.com\/fr\/wp-json\/wp\/v2\/tags?post=92746"}],"curies":[{"name":"wp","href":"https:\/\/api.w.org\/{rel}","templated":true}]}}