{"id":92752,"date":"2025-05-11T22:02:17","date_gmt":"2025-05-11T22:02:17","guid":{"rendered":"https:\/\/www.europesays.com\/fr\/92752\/"},"modified":"2025-05-11T22:02:17","modified_gmt":"2025-05-11T22:02:17","slug":"triple-homicide-a-fort-de-france-le-maire-reclame-des-mesures","status":"publish","type":"post","link":"https:\/\/www.europesays.com\/fr\/92752\/","title":{"rendered":"triple homicide \u00e0 Fort-de-France, le maire r\u00e9clame des mesures"},"content":{"rendered":"<p>Douze personnes ont \u00e9t\u00e9 tu\u00e9es, dont neuf par balle, depuis le d\u00e9but de l\u2019ann\u00e9e en Martinique, o\u00f9 les armes circulent avec facilit\u00e9 et o\u00f9 les trafics de stup\u00e9fiants se d\u00e9veloppent.<\/p>\n<p class=\"fig-paragraph\">Trois hommes ont \u00e9t\u00e9 tu\u00e9s dimanche matin par arme \u00e0 feu par un ou des tireurs toujours en fuite \u00e0\u00a0<a href=\"http:\/\/www.lefigaro.fr\/flash-eco\/coupure-d-electricite-massive-en-espagne-entre-la-peninsule-iberique-et-la-france-une-forte-interconnexion-electrique-20250428\" data-fig-type=\"NewsFlash\" data-gtm-custom-categorie=\"navigation\" data-gtm-custom-action=\"crossclick\" data-gtm-custom-label=\"Contextuel\" data-gtm-event=\"customEventSPE\" data-fig-domain=\"LEFIGARO\" target=\"_blank\" rel=\"noopener\">Fort-de-France<\/a>, dont le maire en appelle \u00e0 l&rsquo;\u00c9tat pour mettre fin \u00e0 la circulation des armes. Les trois victimes, d\u00e9j\u00e0 connues des services de police pour deux d&rsquo;entre elles, ont \u00e9t\u00e9 tu\u00e9es vers 7h15 locales (13h15 \u00e0 Paris) devant un fast-food dans le centre de Fort-de-France. Au moins 45 douilles de calibre 9 mm ont \u00e9t\u00e9 retrouv\u00e9es sur les lieux, selon une source polici\u00e8re.<\/p>\n<p class=\"fig-paragraph\">\u00abIl est pr\u00e9matur\u00e9 de dire s&rsquo;il s&rsquo;agit d&rsquo;un ou plusieurs tireurs\u00bb, a d\u00e9clar\u00e9 le procureur, pr\u00e9sent sur les lieux du crime. Mais selon une source polici\u00e8re, s&rsquo;appuyant sur de premiers t\u00e9moignages, il y avait deux tireurs, qui ont ensuite pris la fuite en deux-roues.<\/p>\n<p class=\"fig-paragraph\">L&rsquo;enqu\u00eate a \u00e9t\u00e9 confi\u00e9e au commissariat de la pr\u00e9fecture de Martinique. \u00abIl faut laisser le temps aux enqu\u00eateurs de faire leur travail\u00bb, en analysant \u00ables vid\u00e9os, auditionnant les t\u00e9moins et \u00e9tudiant l&rsquo;environnement des victimes\u00bb, a ajout\u00e9 le procureur de la R\u00e9publique.<\/p>\n<p class=\"fig-paragraph\">\u00abOn a entendu un bruit, comme un bruit de mitraillettes, de fusils, mais on pensait que c\u2019\u00e9taient des feux d\u2019artifice\u00bb, a expliqu\u00e9 sur la radio RCI un t\u00e9moin, sous couvert de l&rsquo;anonymat. \u00abQuand on s&rsquo;est approch\u00e9, on a vu trois gars par terre\u00bb, a-t-il ajout\u00e9. L&rsquo;\u00e2ge des victimes n&rsquo;\u00e9tait pas encore connu.<\/p>\n<p>Le maire r\u00e9clame des \u00abmesures exceptionnelles\u00bb<\/p>\n<p class=\"fig-paragraph\">Des impacts de balles \u00e9taient visibles sur des v\u00e9hicules \u00e0 plusieurs dizaines de m\u00e8tres de la sc\u00e8ne de crime, selon un correspondant de l&rsquo;AFP. Douze personnes ont \u00e9t\u00e9 tu\u00e9es, dont neuf par balle, depuis le d\u00e9but de l&rsquo;ann\u00e9e en Martinique, o\u00f9 les armes circulent avec facilit\u00e9 et o\u00f9 les\u00a0<a href=\"http:\/\/www.lefigaro.fr\/flash-actu\/narcotrafic-la-marine-nationale-saisit-1-2-tonne-de-cocaine-au-large-de-la-martinique-20250328\" data-fig-type=\"NewsFlash\" data-gtm-custom-categorie=\"navigation\" data-gtm-custom-action=\"crossclick\" data-gtm-custom-label=\"Contextuel\" data-gtm-event=\"customEventSPE\" data-fig-domain=\"LEFIGARO\" target=\"_blank\" rel=\"noopener\">trafics de stup\u00e9fiants se d\u00e9veloppent<\/a>.<\/p>\n<p class=\"fig-paragraph\">\u00abC&rsquo;est un choc, \u00e7a se passe t\u00f4t le matin, \u00e0 une heure o\u00f9 il y a des gens qui marchent, il y a des gens qui courent&#8230; \u00c7a renforce notre sentiment d&rsquo;ins\u00e9curit\u00e9\u00bb, a r\u00e9agi le maire de Fort-de-France, Didier Laguerre, qui s&rsquo;est rendu sur place. Selon l&rsquo;\u00e9dile, \u00abil est temps que des mesures exceptionnelles soient prises pour arr\u00eater la circulation des armes\u00bb sur le territoire. \u00abIl faut que l&rsquo;\u00c9tat mette les moyens\u00bb, a-t-il demand\u00e9.<\/p>\n<p>\u00abL\u2019\u00c9tat mettra tout en \u0153uvre\u00bb<\/p>\n<p class=\"fig-paragraph\">\u00abLe nouvel \u00e9pisode de violence qui s&rsquo;est d\u00e9roul\u00e9 \u00e0 Fort-de-France est insupportable et n\u00e9cessite la mobilisation de tous les acteurs politiques et sociaux contre le trafic de drogue et la circulation des armes\u00bb, a de son c\u00f4t\u00e9 r\u00e9agi sur X le ministre de l&rsquo;Int\u00e9rieur, Bruno Retailleau. \u00abL&rsquo;\u00c9tat mettra tout en \u0153uvre pour trouver les auteurs et les traduire en justice\u00bb, a promis le ministre, par ailleurs candidat \u00e0 la pr\u00e9sidence de LR.<\/p>\n<p class=\"fig-paragraph\">Le pr\u00e9fet de Martinique, \u00c9tienne Desplanques, \u00abpr\u00e9sentera dans les jours qui viennent les mesures mises en oeuvre sp\u00e9cifiquement pour contr\u00f4ler le trafic des armes\u00bb, a indiqu\u00e9 la pr\u00e9fecture dimanche dans un communiqu\u00e9. En 2024, la Martinique, o\u00f9 vivent environ 350.000,personnes, poss\u00e9dait d\u00e9j\u00e0 le troisi\u00e8me plus haut taux d&rsquo;homicide de France avec 24 meurtres, dont 17 par arme \u00e0 feu. Selon une source judiciaire, les armes \u00e0 feu sont tr\u00e8s faciles \u00e0 se procurer dans cette \u00eele, entre \u00c9tats-Unis et Br\u00e9sil, et la circulation est \u00abmassive\u00bb sur fond de trafics de stup\u00e9fiants.<\/p>\n","protected":false},"excerpt":{"rendered":"Douze personnes ont \u00e9t\u00e9 tu\u00e9es, dont neuf par balle, depuis le d\u00e9but de l\u2019ann\u00e9e en Martinique, o\u00f9 les&hellip;\n","protected":false},"author":2,"featured_media":92753,"comment_status":"","ping_status":"","sticky":false,"template":"","format":"standard","meta":{"footnotes":""},"categories":[4],"tags":[119,11,3694,1013,271,2951,3695,3696,118,1011,27,2825,1253,303,20470,12,1072,2694,25,2949],"class_list":{"0":"post-92752","1":"post","2":"type-post","3":"status-publish","4":"format-standard","5":"has-post-thumbnail","7":"category-france","8":"tag-accident","9":"tag-actualites","10":"tag-affaires","11":"tag-bruno-retailleau","12":"tag-crime","13":"tag-criminalite","14":"tag-enquetes","15":"tag-evenements","16":"tag-faits-divers","17":"tag-fr","18":"tag-france","19":"tag-insecurite","20":"tag-islamisme","21":"tag-justice","22":"tag-martinique","23":"tag-news","24":"tag-police","25":"tag-proces","26":"tag-republique-francaise","27":"tag-violences"},"share_on_mastodon":{"url":"https:\/\/pubeurope.com\/@fr\/114491460423011410","error":""},"_links":{"self":[{"href":"https:\/\/www.europesays.com\/fr\/wp-json\/wp\/v2\/posts\/92752","targetHints":{"allow":["GET"]}}],"collection":[{"href":"https:\/\/www.europesays.com\/fr\/wp-json\/wp\/v2\/posts"}],"about":[{"href":"https:\/\/www.europesays.com\/fr\/wp-json\/wp\/v2\/types\/post"}],"author":[{"embeddable":true,"href":"https:\/\/www.europesays.com\/fr\/wp-json\/wp\/v2\/users\/2"}],"replies":[{"embeddable":true,"href":"https:\/\/www.europesays.com\/fr\/wp-json\/wp\/v2\/comments?post=92752"}],"version-history":[{"count":0,"href":"https:\/\/www.europesays.com\/fr\/wp-json\/wp\/v2\/posts\/92752\/revisions"}],"wp:featuredmedia":[{"embeddable":true,"href":"https:\/\/www.europesays.com\/fr\/wp-json\/wp\/v2\/media\/92753"}],"wp:attachment":[{"href":"https:\/\/www.europesays.com\/fr\/wp-json\/wp\/v2\/media?parent=92752"}],"wp:term":[{"taxonomy":"category","embeddable":true,"href":"https:\/\/www.europesays.com\/fr\/wp-json\/wp\/v2\/categories?post=92752"},{"taxonomy":"post_tag","embeddable":true,"href":"https:\/\/www.europesays.com\/fr\/wp-json\/wp\/v2\/tags?post=92752"}],"curies":[{"name":"wp","href":"https:\/\/api.w.org\/{rel}","templated":true}]}}