{"id":9276,"date":"2025-04-08T03:26:45","date_gmt":"2025-04-08T03:26:45","guid":{"rendered":"https:\/\/www.europesays.com\/fr\/9276\/"},"modified":"2025-04-08T03:26:45","modified_gmt":"2025-04-08T03:26:45","slug":"a-marseille-la-reprise-du-theatre-toursky-validee-par-la-justice","status":"publish","type":"post","link":"https:\/\/www.europesays.com\/fr\/9276\/","title":{"rendered":"\u00c0 Marseille, la reprise du th\u00e9\u00e2tre Toursky valid\u00e9e par la justice"},"content":{"rendered":"<p>Le tribunal judiciaire de Marseille a approuv\u00e9 le 4\u00a0avril la reprise de la Compagnie Richard Martin-Th\u00e9\u00e2tre Toursky par un collectif emmen\u00e9 par le Th\u00e9\u00e2tre Joliette, la compagnie Dans6T et les Rencontres \u00e0 l\u2019\u00e9chelle,<a href=\"https:\/\/www.lamarseillaise.fr\/culture\/la-reprise-du-toursky-validee-par-la-justice-OH17898633\" target=\"_blank\" rel=\"noreferrer noopener nofollow\"> indique\u00a0La Marseillaise<\/a>. Dans un communiqu\u00e9, la ville de Marseille salue \u00ab\u00a0cette d\u00e9cision qui r\u00e9pond aux objectifs prioritaires soutenus par la municipalit\u00e9\u00a0: la pr\u00e9servation de l\u2019emploi d\u2019un maximum de salari\u00e9s et le maintien d\u2019une activit\u00e9 artistique et culturelle dans ce lieu historique de la sc\u00e8ne marseillaise\u00a0\u00bb. <\/p>\n<p>Un b\u00e9mol toutefois\u00a0: si douze salari\u00e9s seront maintenus, neuf devront \u00eatre licenci\u00e9s. Le dossier \u00e9conomique reste fragile, m\u00eame si <a href=\"https:\/\/www.humanite.fr\/en-debat\/marseille\/pour-un-conservatoire-populaire-et-engage-dans-les-quartiers-nord-de-marseille\" rel=\"nofollow noopener\" target=\"_blank\">la dimension artistique est solide<\/a>, ayant re\u00e7u le soutien de la mairie. Le Th\u00e9\u00e2tre de la Joliette va pouvoir ainsi d\u00e9velopper un \u00ab\u00a0projet pluridisciplinaire avec un axe de danse hip-hop, un axe de coop\u00e9ration internationale et un axe li\u00e9 aux compagnies r\u00e9gionales et aux artistes \u00e9mergents\u00a0\u00bb, expliquait sa directrice, Nathalie Huerta, \u00e0 l\u2019issue de l\u2019audience. Longue vie au Th\u00e9\u00e2tre Toursky\u00a0!<\/p>\n<p>Au plus pr\u00e8s de celles et ceux qui cr\u00e9ent<\/p>\n<p>L\u2019Humanit\u00e9 a toujours revendiqu\u00e9 l\u2019id\u00e9e que <strong>la culture n\u2019est pas une marchandise<\/strong>, qu\u2019elle est une condition de la vie politique et de l\u2019\u00e9mancipation humaine.<\/p>\n<p>Face \u00e0 des politiques culturelles lib\u00e9rales, qui fragilisent le service public de la culture, le journal rend compte de la r\u00e9sistance des cr\u00e9ateurs et de tous les personnels de la culture, mais aussi des solidarit\u00e9s du public.<\/p>\n<p>Les partis pris insolites, audacieux, singuliers sont la marque de fabrique des pages culture du journal. Nos journalistes explorent <strong>les coulisses du monde de la culture et la gen\u00e8se des \u0153uvres<\/strong> qui font et bousculent l\u2019actualit\u00e9.<\/p>\n<p><strong>Aidez-nous \u00e0 d\u00e9fendre une id\u00e9e ambitieuse de la culture\u00a0!<\/strong><br \/><a href=\"https:\/\/www.humanite.fr\/lhumanite-cest-vous\" rel=\"nofollow noopener\" target=\"_blank\">Je veux en savoir plus\u00a0!<\/a><\/p>\n","protected":false},"excerpt":{"rendered":"Le tribunal judiciaire de Marseille a approuv\u00e9 le 4\u00a0avril la reprise de la Compagnie Richard Martin-Th\u00e9\u00e2tre Toursky par&hellip;\n","protected":false},"author":2,"featured_media":9277,"comment_status":"","ping_status":"","sticky":false,"template":"","format":"standard","meta":{"footnotes":""},"categories":[2814],"tags":[1111,11,1777,674,1011,27,884,12,882,25,4698],"class_list":{"0":"post-9276","1":"post","2":"type-post","3":"status-publish","4":"format-standard","5":"has-post-thumbnail","7":"category-marseille","8":"tag-actu","9":"tag-actualites","10":"tag-eu","11":"tag-europe","12":"tag-fr","13":"tag-france","14":"tag-marseille","15":"tag-news","16":"tag-provence-alpes-cote-dazur","17":"tag-republique-francaise","18":"tag-thu00e9u00e2tre"},"share_on_mastodon":{"url":"https:\/\/pubeurope.com\/@fr\/114300215848355450","error":""},"_links":{"self":[{"href":"https:\/\/www.europesays.com\/fr\/wp-json\/wp\/v2\/posts\/9276","targetHints":{"allow":["GET"]}}],"collection":[{"href":"https:\/\/www.europesays.com\/fr\/wp-json\/wp\/v2\/posts"}],"about":[{"href":"https:\/\/www.europesays.com\/fr\/wp-json\/wp\/v2\/types\/post"}],"author":[{"embeddable":true,"href":"https:\/\/www.europesays.com\/fr\/wp-json\/wp\/v2\/users\/2"}],"replies":[{"embeddable":true,"href":"https:\/\/www.europesays.com\/fr\/wp-json\/wp\/v2\/comments?post=9276"}],"version-history":[{"count":0,"href":"https:\/\/www.europesays.com\/fr\/wp-json\/wp\/v2\/posts\/9276\/revisions"}],"wp:featuredmedia":[{"embeddable":true,"href":"https:\/\/www.europesays.com\/fr\/wp-json\/wp\/v2\/media\/9277"}],"wp:attachment":[{"href":"https:\/\/www.europesays.com\/fr\/wp-json\/wp\/v2\/media?parent=9276"}],"wp:term":[{"taxonomy":"category","embeddable":true,"href":"https:\/\/www.europesays.com\/fr\/wp-json\/wp\/v2\/categories?post=9276"},{"taxonomy":"post_tag","embeddable":true,"href":"https:\/\/www.europesays.com\/fr\/wp-json\/wp\/v2\/tags?post=9276"}],"curies":[{"name":"wp","href":"https:\/\/api.w.org\/{rel}","templated":true}]}}