{"id":92764,"date":"2025-05-11T22:10:10","date_gmt":"2025-05-11T22:10:10","guid":{"rendered":"https:\/\/www.europesays.com\/fr\/92764\/"},"modified":"2025-05-11T22:10:10","modified_gmt":"2025-05-11T22:10:10","slug":"chateau-deux-blesses-sur-le-circuit-de-saone-et-loire-cycliste","status":"publish","type":"post","link":"https:\/\/www.europesays.com\/fr\/92764\/","title":{"rendered":"Ch\u00e2teau. Deux bless\u00e9s sur le Circuit de Sa\u00f4ne-et-Loire cycliste"},"content":{"rendered":"<p>Ce dimanche, un cycliste de 21 ans a \u00e9t\u00e9 gravement bless\u00e9 lors d\u2019une chute sur le circuit de Sa\u00f4ne-et-Loire.<\/p>\n<p>L\u2019accident s\u2019est produit peu apr\u00e8s 16 heures, route de Ruffey, dans la commune de Ch\u00e2teau, \u00e0 quelques kilom\u00e8tres de Cluny, o\u00f9 \u00e9tait jug\u00e9e l\u2019arriv\u00e9e dans la troisi\u00e8me \u00e9tape.<\/p>\n<p>Un motard ouvreur de 56 ans, plac\u00e9 devant un groupe de cyclistes, aurait mordu l&rsquo;accotement avant de tomber et de provoquer la chute d&rsquo;un coureur.<\/p>\n<p>  Le cycliste et le motard ont \u00e9t\u00e9 conduits \u00e0 l\u2019h\u00f4pital de M\u00e2con<\/p>\n<p>Les deux victimes ont d\u2019abord \u00e9t\u00e9 prises en charge sur le parcours par la Croix-Rouge et le dispositif de secours de l\u2018\u00e9preuve, qui ont assur\u00e9 les premiers soins.<\/p>\n<p>Les sapeurs-pompiers et une \u00e9quipe du Smur ont ensuite pris le relais \u00e0 Cluny, promenade du Fouettin.<\/p>\n<p>Le cycliste, conscient et m\u00e9dicalis\u00e9 par le Smur, a \u00e9t\u00e9 transport\u00e9 au centre hospitalier de M\u00e2con, tout comme le motard. Celui-ci souffrirait d&rsquo;une\u00a0commotion c\u00e9r\u00e9brale et de douleurs \u00e0 l&rsquo;\u00e9paule droite. Le cycliste, lui, souffrirait de plusieurs fractures.<\/p>\n","protected":false},"excerpt":{"rendered":"Ce dimanche, un cycliste de 21 ans a \u00e9t\u00e9 gravement bless\u00e9 lors d\u2019une chute sur le circuit de&hellip;\n","protected":false},"author":2,"featured_media":92765,"comment_status":"","ping_status":"","sticky":false,"template":"","format":"standard","meta":{"footnotes":""},"categories":[1411],"tags":[119,4811,12317,1154,207,3718,274,107,1011,27,6003,60],"class_list":{"0":"post-92764","1":"post","2":"type-post","3":"status-publish","4":"format-standard","5":"has-post-thumbnail","7":"category-cyclisme","8":"tag-accident","9":"tag-chateau","10":"tag-cluny-bassin","11":"tag-cycling","12":"tag-cyclisme","13":"tag-edition-macon","14":"tag-faits-divers-justice","15":"tag-fil-info","16":"tag-fr","17":"tag-france","18":"tag-saone-et-loire","19":"tag-sports"},"share_on_mastodon":{"url":"https:\/\/pubeurope.com\/@fr\/114491491851300794","error":""},"_links":{"self":[{"href":"https:\/\/www.europesays.com\/fr\/wp-json\/wp\/v2\/posts\/92764","targetHints":{"allow":["GET"]}}],"collection":[{"href":"https:\/\/www.europesays.com\/fr\/wp-json\/wp\/v2\/posts"}],"about":[{"href":"https:\/\/www.europesays.com\/fr\/wp-json\/wp\/v2\/types\/post"}],"author":[{"embeddable":true,"href":"https:\/\/www.europesays.com\/fr\/wp-json\/wp\/v2\/users\/2"}],"replies":[{"embeddable":true,"href":"https:\/\/www.europesays.com\/fr\/wp-json\/wp\/v2\/comments?post=92764"}],"version-history":[{"count":0,"href":"https:\/\/www.europesays.com\/fr\/wp-json\/wp\/v2\/posts\/92764\/revisions"}],"wp:featuredmedia":[{"embeddable":true,"href":"https:\/\/www.europesays.com\/fr\/wp-json\/wp\/v2\/media\/92765"}],"wp:attachment":[{"href":"https:\/\/www.europesays.com\/fr\/wp-json\/wp\/v2\/media?parent=92764"}],"wp:term":[{"taxonomy":"category","embeddable":true,"href":"https:\/\/www.europesays.com\/fr\/wp-json\/wp\/v2\/categories?post=92764"},{"taxonomy":"post_tag","embeddable":true,"href":"https:\/\/www.europesays.com\/fr\/wp-json\/wp\/v2\/tags?post=92764"}],"curies":[{"name":"wp","href":"https:\/\/api.w.org\/{rel}","templated":true}]}}