{"id":927815,"date":"2026-05-12T11:31:38","date_gmt":"2026-05-12T11:31:38","guid":{"rendered":"https:\/\/www.europesays.com\/fr\/927815\/"},"modified":"2026-05-12T11:31:38","modified_gmt":"2026-05-12T11:31:38","slug":"moins-mais-mieux-le-retour-aux-sources-de-blend-pionnier-des-burgers-gourmands-a-paris","status":"publish","type":"post","link":"https:\/\/www.europesays.com\/fr\/927815\/","title":{"rendered":"\u00ab\u00a0Moins mais mieux\u00a0\u00bb\u00a0: le retour aux sources de Blend, pionnier des burgers gourmands \u00e0 Paris"},"content":{"rendered":"<p class=\"paragraph text_align_left lp-f-body-02\">Changement d\u2019\u00e9chelle. Quinze ans apr\u00e8s ses d\u00e9buts fracassants, les restaurants Blend se r\u00e9inventent en r\u00e9duisant la voilure. Les pionniers du burger gourmands avaient ouvert une voie avec un tonitruant succ\u00e8s qui se mesurait alors \u00e0 la longueur de la file d\u2019attente devant leur premi\u00e8re adresse parisienne, rue d\u2019Argout (<a href=\"https:\/\/www.leparisien.fr\/paris-75\/paris-75002\/\" target=\"_self\" rel=\"nofollow noopener\">IIe<\/a>) \u00e0 un jet de pierre des Halles.<\/p>\n<p class=\"\">Au milieu d\u2019une offre de burgers alors domin\u00e9e par les cha\u00eenes de fast-foods, la proposition d\u2019une viande sourc\u00e9e et id\u00e9alement hach\u00e9e servi dans un savoureux bun confectionn\u00e9 par <a href=\"https:\/\/www.leparisien.fr\/mayenne-53\/il-est-bon-le-pain-de-macron-un-village-de-mayenne-deguste-tous-les-vendredis-le-pain-de-lelysee-04-01-2024-GIM7VAWROJDHPJMRH3E5K7MX2M.php\" target=\"_self\" rel=\"nofollow noopener\">Fr\u00e9d\u00e9ric Lalos<\/a>, meilleur ouvrier de France install\u00e9 \u00e0 S\u00e8vres (Boulogne-Billancourt), fait courir tout Paris.<\/p>\n","protected":false},"excerpt":{"rendered":"Changement d\u2019\u00e9chelle. Quinze ans apr\u00e8s ses d\u00e9buts fracassants, les restaurants Blend se r\u00e9inventent en r\u00e9duisant la voilure. Les&hellip;\n","protected":false},"author":2,"featured_media":927816,"comment_status":"","ping_status":"","sticky":false,"template":"","format":"standard","meta":{"footnotes":"","_share_on_mastodon":"0"},"categories":[1888],"tags":[11,3013,1777,674,1011,27,1944,12,626,25],"class_list":["post-927815","post","type-post","status-publish","format-standard","has-post-thumbnail","category-paris","tag-actualites","tag-bien-manger","tag-eu","tag-europe","tag-fr","tag-france","tag-ma-ville","tag-news","tag-paris","tag-republique-francaise"],"share_on_mastodon":{"url":"https:\/\/pubeurope.com\/@fr\/116561385164268073","error":""},"_links":{"self":[{"href":"https:\/\/www.europesays.com\/fr\/wp-json\/wp\/v2\/posts\/927815","targetHints":{"allow":["GET"]}}],"collection":[{"href":"https:\/\/www.europesays.com\/fr\/wp-json\/wp\/v2\/posts"}],"about":[{"href":"https:\/\/www.europesays.com\/fr\/wp-json\/wp\/v2\/types\/post"}],"author":[{"embeddable":true,"href":"https:\/\/www.europesays.com\/fr\/wp-json\/wp\/v2\/users\/2"}],"replies":[{"embeddable":true,"href":"https:\/\/www.europesays.com\/fr\/wp-json\/wp\/v2\/comments?post=927815"}],"version-history":[{"count":0,"href":"https:\/\/www.europesays.com\/fr\/wp-json\/wp\/v2\/posts\/927815\/revisions"}],"wp:featuredmedia":[{"embeddable":true,"href":"https:\/\/www.europesays.com\/fr\/wp-json\/wp\/v2\/media\/927816"}],"wp:attachment":[{"href":"https:\/\/www.europesays.com\/fr\/wp-json\/wp\/v2\/media?parent=927815"}],"wp:term":[{"taxonomy":"category","embeddable":true,"href":"https:\/\/www.europesays.com\/fr\/wp-json\/wp\/v2\/categories?post=927815"},{"taxonomy":"post_tag","embeddable":true,"href":"https:\/\/www.europesays.com\/fr\/wp-json\/wp\/v2\/tags?post=927815"}],"curies":[{"name":"wp","href":"https:\/\/api.w.org\/{rel}","templated":true}]}}