{"id":92791,"date":"2025-05-11T22:24:08","date_gmt":"2025-05-11T22:24:08","guid":{"rendered":"https:\/\/www.europesays.com\/fr\/92791\/"},"modified":"2025-05-11T22:24:08","modified_gmt":"2025-05-11T22:24:08","slug":"stephane-plaza-place-en-garde-a-vue-contrairement-a-ce-quaffirment-ses-avocats-sa-defense-mise-a-mal","status":"publish","type":"post","link":"https:\/\/www.europesays.com\/fr\/92791\/","title":{"rendered":"St\u00e9phane Plaza plac\u00e9 en garde \u00e0 vue : \u201ccontrairement \u00e0 ce qu\u2019affirment ses avocats\u2026\u201d, sa d\u00e9fense mise \u00e0 mal"},"content":{"rendered":"<p>St\u00e9phane Plaza, figure embl\u00e9matique de l\u2019immobilier \u00e0 la<br \/>\nt\u00e9l\u00e9vision fran\u00e7aise, traverse une nouvelle temp\u00eate judiciaire. Le<br \/>\nlundi 5 mai 2025, l\u2019animateur de 54 ans a \u00e9t\u00e9 interpell\u00e9 \u00e0 son<br \/>\ndomicile de Bougival, dans les Yvelines, dans le cadre d\u2019une<br \/>\n<a href=\"https:\/\/www.closermag.fr\/people\/stephane-plaza-arrete-sa-consommation-de-drogues-va-encore-plomber-un-peu-plus-ses-finances-3543076\" rel=\"nofollow noopener\" target=\"_blank\"><br \/>\nenqu\u00eate pour trafic de stup\u00e9fiants<\/a> men\u00e9e par la police<br \/>\njudiciaire de Seine-Saint-Denis.<\/p>\n<p>24h plus tard, sa garde \u00e0 vue a \u00e9t\u00e9 lev\u00e9e. Mais il n\u2019est pas<br \/>\nforc\u00e9ment tir\u00e9 d\u00a0\u00bbaffaire\u2026<\/p>\n<p>St\u00e9phane Plaza condamn\u00e9 \u00e0 verser une contribution<br \/>\ncitoyenne<\/p>\n<p>Apr\u00e8s pr\u00e8s de <a href=\"https:\/\/www.closermag.fr\/people\/stephane-plaza-place-en-garde-a-vue-il-brise-le-silence-dans-un-texte-qui-dit-tout-de-son-etat-desprit-3543627\" rel=\"nofollow noopener\" target=\"_blank\"><br \/>\n24 heures de garde \u00e0 vue,<\/a> St\u00e9phane Plaza a \u00e9t\u00e9 remis en libert\u00e9<br \/>\nle mardi 6 mai au soir. Suite \u00e0 cela, ses avocats Carlo Alberto<br \/>\nBrusa et H\u00e9l\u00e8ne Plumet ont publi\u00e9 un communiqu\u00e9, dans lequel on<br \/>\npouvait lire : \u201cIl est sorti libre ce soir de sa garde \u00e0 vue<br \/>\nsans aucune poursuite judiciaire\u201d. Pourtant, il semblerait que<br \/>\nl\u2019ancien animateur ne s\u2019en sorte pas si bien que \u00e7a.<\/p>\n<p>Cependant, St\u00e9phane Plaza va tout de m\u00eame devoir payer. Au sens<br \/>\npropre, comme au sens figur\u00e9. En effet, <a href=\"https:\/\/rmc.bfmtv.com\/actualites\/police-justice\/stephane-plaza-ressort-libre-de-sa-garde-a-vue-pour-trafic-de-stupefiants-et-devra-payer-une-contribution-citoyenne-de-3-000_AN-202505060868.html\" rel=\"nofollow noopener\" target=\"_blank\"><br \/>\nRMC<\/a> explique : \u201cContrairement \u00e0 ce qu&rsquo;affirment<br \/>\nses avocats, une infraction a donc tout de m\u00eame \u00e9t\u00e9 reconnue par le<br \/>\nprocureur de la R\u00e9publique\u201d. Si la garde \u00e0 vue a \u00e9t\u00e9 lev\u00e9e, il<br \/>\ndoit donc verser une <strong>contribution citoyenne \u00e0 hauteur de<br \/>\n3000 euros.<\/strong> G\u00e9n\u00e9ralement, l\u2019argent est revers\u00e9 \u00e0 une<br \/>\nassociation d\u2019aide aux victimes. Son avocat Carlo Alberto Brusa a<br \/>\nseulement soulign\u00e9 qu\u2019il \u201cne s\u2019agit pas d\u2019une poursuite<br \/>\njudiciaire\u201d. Cette mesure ne peut \u00eatre prise seulement si<br \/>\nl\u2019auteur de l\u2019infraction reconna\u00eet sa culpabilit\u00e9 et qu\u2019il poss\u00e8de<br \/>\nun casier judiciaire vide. C\u2019est actuellement le cas puisqu\u2019il a<br \/>\nfait appel de sa pr\u00e9c\u00e9dente condamnation.<\/p>\n<p>Le t\u00e9l\u00e9phone de St\u00e9phane Plaza<br \/>\nconfisqu\u00e9<\/p>\n<p>Ce n\u2019est pas tout. Comme l\u2019explique <a href=\"https:\/\/www.bfmtv.com\/police-justice\/stephane-plaza-ressort-libre-de-sa-garde-a-vue-pour-trafic-de-stupefiants-l-animateur-va-payer-une-contribution-citoyenne_AV-202505070126.html\" rel=\"nofollow noopener\" target=\"_blank\"><br \/>\nBFMTV<\/a>, l<strong>e t\u00e9l\u00e9phone portable de St\u00e9phane Plaza<br \/>\na \u00e9t\u00e9 confisqu\u00e9<\/strong>, conform\u00e9ment aux mesures souhait\u00e9es par<br \/>\nle Garde des Sceaux dans le cadre d\u2019affaires de consommation de<br \/>\nstup\u00e9fiants.<\/p>\n<p>Cette nouvelle affaire intervient quelques mois apr\u00e8s la<br \/>\ncondamnation de St\u00e9phane Plaza, en f\u00e9vrier 2025, \u00e0 <a href=\"https:\/\/www.closermag.fr\/people\/stephane-plaza-condamne-son-culot-fait-vriller-ses-franchises-la-situation-senvenime-3526384\" rel=\"nofollow noopener\" target=\"_blank\"><br \/>\nun an de prison avec sursis<\/a> pour violences r\u00e9currentes sur une<br \/>\nancienne compagne. L\u2019animateur conteste cette d\u00e9cision de justice<br \/>\net a fait appel. Les r\u00e9percussions professionnelles ne se sont pas<br \/>\nfait attendre. Le r\u00e9seau St\u00e9phane Plaza Immobilier a annonc\u00e9 que<br \/>\nles agences franchis\u00e9es auront <strong>la possibilit\u00e9 d\u2019abandonner<br \/>\nson nom<\/strong> au profit d\u2019un nouveau : \u201cSixi\u00e8me<br \/>\navenue\u201d.<\/p>\n","protected":false},"excerpt":{"rendered":"St\u00e9phane Plaza, figure embl\u00e9matique de l\u2019immobilier \u00e0 la t\u00e9l\u00e9vision fran\u00e7aise, traverse une nouvelle temp\u00eate judiciaire. Le lundi 5&hellip;\n","protected":false},"author":2,"featured_media":92792,"comment_status":"","ping_status":"","sticky":false,"template":"","format":"standard","meta":{"footnotes":""},"categories":[4],"tags":[11,548,1011,27,12,25,7221],"class_list":{"0":"post-92791","1":"post","2":"type-post","3":"status-publish","4":"format-standard","5":"has-post-thumbnail","7":"category-france","8":"tag-actualites","9":"tag-article-simple","10":"tag-fr","11":"tag-france","12":"tag-news","13":"tag-republique-francaise","14":"tag-stephane-plaza"},"share_on_mastodon":{"url":"https:\/\/pubeurope.com\/@fr\/114491547020825232","error":""},"_links":{"self":[{"href":"https:\/\/www.europesays.com\/fr\/wp-json\/wp\/v2\/posts\/92791","targetHints":{"allow":["GET"]}}],"collection":[{"href":"https:\/\/www.europesays.com\/fr\/wp-json\/wp\/v2\/posts"}],"about":[{"href":"https:\/\/www.europesays.com\/fr\/wp-json\/wp\/v2\/types\/post"}],"author":[{"embeddable":true,"href":"https:\/\/www.europesays.com\/fr\/wp-json\/wp\/v2\/users\/2"}],"replies":[{"embeddable":true,"href":"https:\/\/www.europesays.com\/fr\/wp-json\/wp\/v2\/comments?post=92791"}],"version-history":[{"count":0,"href":"https:\/\/www.europesays.com\/fr\/wp-json\/wp\/v2\/posts\/92791\/revisions"}],"wp:featuredmedia":[{"embeddable":true,"href":"https:\/\/www.europesays.com\/fr\/wp-json\/wp\/v2\/media\/92792"}],"wp:attachment":[{"href":"https:\/\/www.europesays.com\/fr\/wp-json\/wp\/v2\/media?parent=92791"}],"wp:term":[{"taxonomy":"category","embeddable":true,"href":"https:\/\/www.europesays.com\/fr\/wp-json\/wp\/v2\/categories?post=92791"},{"taxonomy":"post_tag","embeddable":true,"href":"https:\/\/www.europesays.com\/fr\/wp-json\/wp\/v2\/tags?post=92791"}],"curies":[{"name":"wp","href":"https:\/\/api.w.org\/{rel}","templated":true}]}}