{"id":92795,"date":"2025-05-11T22:27:16","date_gmt":"2025-05-11T22:27:16","guid":{"rendered":"https:\/\/www.europesays.com\/fr\/92795\/"},"modified":"2025-05-11T22:27:16","modified_gmt":"2025-05-11T22:27:16","slug":"a-saint-etienne-de-chigny-la-guinguette-a-ouvert-ses-volets","status":"publish","type":"post","link":"https:\/\/www.europesays.com\/fr\/92795\/","title":{"rendered":"\u00c0 Saint-\u00c9tienne-de-Chigny, la guinguette a ouvert ses volets"},"content":{"rendered":"<p>C\u2019est le jeudi 1er\u00a0mai 2025 qui a \u00e9t\u00e9 choisi pour inaugurer la toute nouvelle Guinguette des bateliers, install\u00e9e sur l\u2019\u00eele Buda. \u00ab\u00a0Apr\u00e8s de nombreuses tentatives, nous avons enfin r\u00e9ussi, gr\u00e2ce au concours sans faille des bateliers, \u00e0 offrir \u00e0 nos concitoyens et aux automobilistes de passage dans\u00a0la commune une halte agr\u00e9able et bien ombrag\u00e9e o\u00f9 ils pourront se d\u00e9tendre et se restaurer, confie le maire R\u00e9gis Salic, donnant alors le d\u00e9part de la saison en compagnie d\u2019\u00e9lus, du pr\u00e9sident des bateliers, Jean-Michel Arnaud, et de la famille et des amis de Marc Moncelon, l\u2019exploitant. En plus ce sera une halte pour la future piste cyclable.\u00a0\u00bb<\/p>\n<p>Jean-Michel Arnaud poursuit\u00a0: \u00ab\u00a0Pour les bateliers, c\u2019est une opportunit\u00e9 de faire d\u00e9couvrir notre passion en implantant \u00e0 quelque pas de la guinguette un chantier en libre acc\u00e8s pour la construction d\u2019un bateau traditionnel lig\u00e9rien type passe cheval.\u00a0\u00bb<\/p>\n<p>Ferm\u00e9 le lundi. Bar snack. Stationnement gratuit et toilettes sur place. Contact 07.69.58.34.33 ou guinguettedesbateliers@gmail.com<\/p>\n","protected":false},"excerpt":{"rendered":"C\u2019est le jeudi 1er\u00a0mai 2025 qui a \u00e9t\u00e9 choisi pour inaugurer la toute nouvelle Guinguette des bateliers, install\u00e9e&hellip;\n","protected":false},"author":2,"featured_media":92796,"comment_status":"","ping_status":"","sticky":false,"template":"","format":"standard","meta":{"footnotes":""},"categories":[9653],"tags":[1111,11,2430,1674,1777,674,1011,27,12,25,4001,13222],"class_list":{"0":"post-92795","1":"post","2":"type-post","3":"status-publish","4":"format-standard","5":"has-post-thumbnail","7":"category-saint-etienne","8":"tag-actu","9":"tag-actualites","10":"tag-auvergne-rhone-alpes","11":"tag-communes","12":"tag-eu","13":"tag-europe","14":"tag-fr","15":"tag-france","16":"tag-news","17":"tag-republique-francaise","18":"tag-saint-etienne","19":"tag-saint-etienne-de-chigny"},"share_on_mastodon":{"url":"https:\/\/pubeurope.com\/@fr\/114491558674281023","error":""},"_links":{"self":[{"href":"https:\/\/www.europesays.com\/fr\/wp-json\/wp\/v2\/posts\/92795","targetHints":{"allow":["GET"]}}],"collection":[{"href":"https:\/\/www.europesays.com\/fr\/wp-json\/wp\/v2\/posts"}],"about":[{"href":"https:\/\/www.europesays.com\/fr\/wp-json\/wp\/v2\/types\/post"}],"author":[{"embeddable":true,"href":"https:\/\/www.europesays.com\/fr\/wp-json\/wp\/v2\/users\/2"}],"replies":[{"embeddable":true,"href":"https:\/\/www.europesays.com\/fr\/wp-json\/wp\/v2\/comments?post=92795"}],"version-history":[{"count":0,"href":"https:\/\/www.europesays.com\/fr\/wp-json\/wp\/v2\/posts\/92795\/revisions"}],"wp:featuredmedia":[{"embeddable":true,"href":"https:\/\/www.europesays.com\/fr\/wp-json\/wp\/v2\/media\/92796"}],"wp:attachment":[{"href":"https:\/\/www.europesays.com\/fr\/wp-json\/wp\/v2\/media?parent=92795"}],"wp:term":[{"taxonomy":"category","embeddable":true,"href":"https:\/\/www.europesays.com\/fr\/wp-json\/wp\/v2\/categories?post=92795"},{"taxonomy":"post_tag","embeddable":true,"href":"https:\/\/www.europesays.com\/fr\/wp-json\/wp\/v2\/tags?post=92795"}],"curies":[{"name":"wp","href":"https:\/\/api.w.org\/{rel}","templated":true}]}}