{"id":92797,"date":"2025-05-11T22:28:39","date_gmt":"2025-05-11T22:28:39","guid":{"rendered":"https:\/\/www.europesays.com\/fr\/92797\/"},"modified":"2025-05-11T22:28:39","modified_gmt":"2025-05-11T22:28:39","slug":"declaration-fonciere-soyez-bien-accompagne","status":"publish","type":"post","link":"https:\/\/www.europesays.com\/fr\/92797\/","title":{"rendered":"D\u00e9claration fonci\u00e8re : soyez bien accompagn\u00e9 !"},"content":{"rendered":"<p>Chaque ann\u00e9e, la d\u00e9claration de revenus fonciers revient avec son lot de doutes et de craintes\u00a0: r\u00e9gime r\u00e9el ou micro-foncier\u00a0? Quelles charges peut-on d\u00e9duire\u00a0? Comment \u00e9viter les erreurs susceptibles d&rsquo;entra\u00eener des redressements\u00a0?<br \/>Pour les propri\u00e9taires bailleurs, c\u2019est un moment strat\u00e9gique qui demande vigilance et connaissances. Heureusement, l\u2019Union nationale des propri\u00e9taires immobiliers (UNPI) de Lorraine accompagne ses adh\u00e9rents pas \u00e0 pas, pour une gestion sereine et optimis\u00e9e. Gr\u00e2ce \u00e0 ses juristes sp\u00e9cialis\u00e9s, vous pouvez b\u00e9n\u00e9ficier d\u2019un rendez-vous personnalis\u00e9 pour faire le point sur votre situation et d\u00e9poser votre d\u00e9claration en toute s\u00e9curit\u00e9 selon votre situation. Vous serez conseill\u00e9 sur le choix du r\u00e9gime le plus avantageux selon votre cas, les travaux et charges d\u00e9ductibles, les nouveaut\u00e9s fiscales applicables en 2025, les pi\u00e8ges \u00e0 \u00e9viter (omissions, erreurs de calcul, justificatifs&#8230;).<br \/>Cet accompagnement s\u2019inscrit dans la mission de l\u2019UNPI\u00a0: soutenir les bailleurs dans la gestion quotidienne de leur patrimoine, que ce soit sur le plan fiscal, juridique ou administratif.<br \/>Jusqu\u2019au 30 mai 2025, l\u2019UNPI offre cette prestation (d\u2019une valeur de 100\u202f\u20ac) \u00e0 toute nouvelle adh\u00e9sion. C\u2019est le moment id\u00e9al pour rejoindre une communaut\u00e9 engag\u00e9e et bien entour\u00e9e.<br \/>L\u2019UNPI Lorraine, c\u2019est aussi des permanences juridiques, des outils pratiques, des mod\u00e8les de baux,\u00a0 des formations, des conf\u00e9rences\u2026 La prochaine aura lieu le 6 juin sur le th\u00e8me\u00a0\u00ab\u00a0Maximisez vos Revenus Locatifs \u00a0: D\u00e9couvrez les Secrets de la Location Meubl\u00e9e \u00bb. Et la suivante, le 18 septembre aura pour th\u00e8me \u00ab\u00a0Prot\u00e9gez votre conjoint et optimisez vos donations\u00a0: les cl\u00e9s de la s\u00e9curit\u00e9 financi\u00e8re\u00a0\u00bb. Contactez-nous pour en savoir plus ou r\u00e9server votre place \u00a0!\u00a0<\/p>\n<p>Ce contenu est bloqu\u00e9 car vous n&rsquo;avez pas accept\u00e9 les cookies et autres traceurs.<\/p>\n<p>En cliquant sur \u00ab J\u2019accepte \u00bb, les cookies et autres traceurs seront d\u00e9pos\u00e9s et vous pourrez visualiser les contenus  (<a href=\"\" class=\"consentModule_policy\" target=\"_blank\" title=\"Consulter la politique de protection des donn\u00e9es du fournisseur\">plus d&rsquo;informations<\/a>).<\/p>\n<p>En cliquant sur \u00ab J\u2019accepte tous les cookies \u00bb, vous autorisez des d\u00e9p\u00f4ts de cookies et autres traceurs pour le stockage de vos donn\u00e9es sur nos sites et applications \u00e0 des fins de personnalisation et de ciblage publicitaire.<\/p>\n<p class=\"consentModule_secondaryText\">Vous gardez la possibilit\u00e9 de retirer votre consentement \u00e0 tout moment en consultant notre <a href=\"https:\/\/www.estrepublicain.fr\/protection-des-donnees\" target=\"_blank\" title=\"Consulter notre politique de protection des donn\u00e9es\" rel=\"noopener\">politique de protection des donn\u00e9es<\/a>. <br \/>&#13;<br \/>\n            <a href=\"https:\/\/www.estrepublicain.fr\/paroles-de-partenaires\/2025\/05\/12\/javascript:Didomi.notice.show()\" class=\"consentModule_cmp\" target=\"_blank\" rel=\"noopener\">G\u00e9rer mes choix<\/a>&#13;\n        <\/p>\n<p>&#13;<br \/>\n                        J&rsquo;accepte&#13;<br \/>\n            J&rsquo;accepte tous les cookies&#13;\n        <\/p>\n","protected":false},"excerpt":{"rendered":"Chaque ann\u00e9e, la d\u00e9claration de revenus fonciers revient avec son lot de doutes et de craintes\u00a0: r\u00e9gime r\u00e9el&hellip;\n","protected":false},"author":2,"featured_media":92798,"comment_status":"","ping_status":"","sticky":false,"template":"","format":"standard","meta":{"footnotes":""},"categories":[9635],"tags":[1111,11,7884,1777,674,1011,27,775,1702,12,25],"class_list":{"0":"post-92797","1":"post","2":"type-post","3":"status-publish","4":"format-standard","5":"has-post-thumbnail","7":"category-nancy","8":"tag-actu","9":"tag-actualites","10":"tag-articles-partenaires","11":"tag-eu","12":"tag-europe","13":"tag-fr","14":"tag-france","15":"tag-grand-est","16":"tag-nancy","17":"tag-news","18":"tag-republique-francaise"},"share_on_mastodon":{"url":"https:\/\/pubeurope.com\/@fr\/114491562623018403","error":""},"_links":{"self":[{"href":"https:\/\/www.europesays.com\/fr\/wp-json\/wp\/v2\/posts\/92797","targetHints":{"allow":["GET"]}}],"collection":[{"href":"https:\/\/www.europesays.com\/fr\/wp-json\/wp\/v2\/posts"}],"about":[{"href":"https:\/\/www.europesays.com\/fr\/wp-json\/wp\/v2\/types\/post"}],"author":[{"embeddable":true,"href":"https:\/\/www.europesays.com\/fr\/wp-json\/wp\/v2\/users\/2"}],"replies":[{"embeddable":true,"href":"https:\/\/www.europesays.com\/fr\/wp-json\/wp\/v2\/comments?post=92797"}],"version-history":[{"count":0,"href":"https:\/\/www.europesays.com\/fr\/wp-json\/wp\/v2\/posts\/92797\/revisions"}],"wp:featuredmedia":[{"embeddable":true,"href":"https:\/\/www.europesays.com\/fr\/wp-json\/wp\/v2\/media\/92798"}],"wp:attachment":[{"href":"https:\/\/www.europesays.com\/fr\/wp-json\/wp\/v2\/media?parent=92797"}],"wp:term":[{"taxonomy":"category","embeddable":true,"href":"https:\/\/www.europesays.com\/fr\/wp-json\/wp\/v2\/categories?post=92797"},{"taxonomy":"post_tag","embeddable":true,"href":"https:\/\/www.europesays.com\/fr\/wp-json\/wp\/v2\/tags?post=92797"}],"curies":[{"name":"wp","href":"https:\/\/api.w.org\/{rel}","templated":true}]}}