{"id":92805,"date":"2025-05-11T22:32:18","date_gmt":"2025-05-11T22:32:18","guid":{"rendered":"https:\/\/www.europesays.com\/fr\/92805\/"},"modified":"2025-05-11T22:32:18","modified_gmt":"2025-05-11T22:32:18","slug":"la-banque-alimentaire-de-lherault-appelle-a-la-solidarite","status":"publish","type":"post","link":"https:\/\/www.europesays.com\/fr\/92805\/","title":{"rendered":"La Banque Alimentaire de l\u2019H\u00e9rault appelle \u00e0 la solidarit\u00e9"},"content":{"rendered":"<p><img decoding=\"async\" class=\"\" style=\"width:100%\" src=\"https:\/\/www.europesays.com\/fr\/wp-content\/uploads\/2025\/05\/cans_22150_12801746605322764.jpg\" alt=\"Banque alimentaire h\u00e9rault\"\/><\/p>\n<p>Banque alimentaire h\u00e9rault<\/p>\n<p>Cr\u00e9dit : Pixabay &#8211; Photo d&rsquo;illustration<\/p>\n<p> <strong>Une action compl\u00e9mentaire \u00e0 la collecte nationale<\/strong><\/p>\n<p style=\"text-align: justify;\">\u00a0<\/p>\n<p style=\"text-align: justify;\">Face \u00e0 une demande d\u2019aide alimentaire en constante augmentation et \u00e0 une baisse inqui\u00e9tante des dons en produits \u00e0 redistribuer, <strong>cette collecte printani\u00e8re vient compl\u00e9ter la grande collecte nationale de novembre.<\/strong> En 2024, la Banque Alimentaire de l\u2019H\u00e9rault a distribu\u00e9 2 686 tonnes de denr\u00e9es alimentaires \u00e0 travers 63 communes (via les CCAS) et 69 associations, ce qui repr\u00e9sente plus de 5,2 millions de repas, pour une valeur marchande estim\u00e9e \u00e0 9,3 millions d\u2019euros.<\/p>\n<p style=\"text-align: justify;\">\u00a0<\/p>\n<p><strong>Comment participer \u00e0 la collecte alimentaire de mai 2025 ?<\/strong><\/p>\n<p style=\"text-align: justify;\">\u00a0<\/p>\n<p style=\"text-align: justify;\">Durant ces trois jours, les b\u00e9n\u00e9voles de la Banque Alimentaire seront pr\u00e9sents \u00e0 l\u2019entr\u00e9e des magasins participants pour recueillir vos dons. Les produits secs sont particuli\u00e8rement recherch\u00e9s :<\/p>\n<ul style=\"text-align: justify;\">\n<li><strong>Conserves de viande et de poisson<\/strong><\/li>\n<li><strong>Soupes en conserve<\/strong><\/li>\n<li><strong>Bouteilles d\u2019huile<\/strong><\/li>\n<li><strong>Sucre<\/strong><\/li>\n<\/ul>\n<p style=\"text-align: justify;\">Ces denr\u00e9es viendront compl\u00e9ter les produits frais d\u00e9j\u00e0 collect\u00e9s <strong>pour \u00eatre redistribu\u00e9s rapidement aux personnes en situation de pr\u00e9carit\u00e9 dans l\u2019H\u00e9rault.<\/strong><\/p>\n","protected":false},"excerpt":{"rendered":"Banque alimentaire h\u00e9rault Cr\u00e9dit : Pixabay &#8211; Photo d&rsquo;illustration Une action compl\u00e9mentaire \u00e0 la collecte nationale \u00a0 Face&hellip;\n","protected":false},"author":2,"featured_media":92806,"comment_status":"","ping_status":"","sticky":false,"template":"","format":"standard","meta":{"footnotes":""},"categories":[9599],"tags":[1111,11,20477,4733,20475,15089,20484,5223,20476,20482,20481,20478,12006,1777,674,1011,27,7089,20479,2208,12,2680,20485,20480,25,3400,20483,1277,18632],"class_list":{"0":"post-92805","1":"post","2":"type-post","3":"status-publish","4":"format-standard","5":"has-post-thumbnail","7":"category-montpellier","8":"tag-actu","9":"tag-actualites","10":"tag-aide-alimentaire","11":"tag-associations","12":"tag-banque-alimentaire","13":"tag-benevoles","14":"tag-bouteilles-dhuile","15":"tag-ccas","16":"tag-collecte-de-printemps","17":"tag-conserves-de-poisson","18":"tag-conserves-de-viande","19":"tag-dons-alimentaires","20":"tag-epiceries","21":"tag-eu","22":"tag-europe","23":"tag-fr","24":"tag-france","25":"tag-herault","26":"tag-hypermarches","27":"tag-montpellier","28":"tag-news","29":"tag-occitanie","30":"tag-precaire","31":"tag-produits-secs","32":"tag-republique-francaise","33":"tag-solidarite","34":"tag-soupes-en-conserve","35":"tag-sucre","36":"tag-supermarches"},"share_on_mastodon":{"url":"https:\/\/pubeurope.com\/@fr\/114491578319045497","error":""},"_links":{"self":[{"href":"https:\/\/www.europesays.com\/fr\/wp-json\/wp\/v2\/posts\/92805","targetHints":{"allow":["GET"]}}],"collection":[{"href":"https:\/\/www.europesays.com\/fr\/wp-json\/wp\/v2\/posts"}],"about":[{"href":"https:\/\/www.europesays.com\/fr\/wp-json\/wp\/v2\/types\/post"}],"author":[{"embeddable":true,"href":"https:\/\/www.europesays.com\/fr\/wp-json\/wp\/v2\/users\/2"}],"replies":[{"embeddable":true,"href":"https:\/\/www.europesays.com\/fr\/wp-json\/wp\/v2\/comments?post=92805"}],"version-history":[{"count":0,"href":"https:\/\/www.europesays.com\/fr\/wp-json\/wp\/v2\/posts\/92805\/revisions"}],"wp:featuredmedia":[{"embeddable":true,"href":"https:\/\/www.europesays.com\/fr\/wp-json\/wp\/v2\/media\/92806"}],"wp:attachment":[{"href":"https:\/\/www.europesays.com\/fr\/wp-json\/wp\/v2\/media?parent=92805"}],"wp:term":[{"taxonomy":"category","embeddable":true,"href":"https:\/\/www.europesays.com\/fr\/wp-json\/wp\/v2\/categories?post=92805"},{"taxonomy":"post_tag","embeddable":true,"href":"https:\/\/www.europesays.com\/fr\/wp-json\/wp\/v2\/tags?post=92805"}],"curies":[{"name":"wp","href":"https:\/\/api.w.org\/{rel}","templated":true}]}}