{"id":92813,"date":"2025-05-11T22:39:09","date_gmt":"2025-05-11T22:39:09","guid":{"rendered":"https:\/\/www.europesays.com\/fr\/92813\/"},"modified":"2025-05-11T22:39:09","modified_gmt":"2025-05-11T22:39:09","slug":"football-division-2-poule-d-breizh-fobal-klub-rennes-chute-a-domicile-contre-ac-de-rennes","status":"publish","type":"post","link":"https:\/\/www.europesays.com\/fr\/92813\/","title":{"rendered":"Football &#8211; Division 2 poule D : BREIZH FOBAL KLUB RENNES chute \u00e0 domicile contre AC DE RENNES"},"content":{"rendered":"<p>                    Dans la rencontre l&rsquo;opposant \u00e0 AC DE RENNES, BREIZH FOBAL KLUB RENNES n&rsquo;a pas r\u00e9ussi \u00e0 s&rsquo;imposer \u00e0 la maison, ce 11 mai 2025, lors de la 21\u00e8me journ\u00e9e du championnat.<\/p>\n<p>                Le match s&rsquo;est termin\u00e9 sur le score de 1-4.<\/p>\n<p>                BREIZH FOBAL KLUB RENNES enregistre ainsi sa 13\u00e8me d\u00e9faite de la saison (pour 4 nuls et 4 victoires).<\/p>\n<p>                Suite \u00e0 ce match, le club de BREIZH FOBAL KLUB RENNES pointe \u00e0 la 11\u00e8me place (16 points, -33 de diff\u00e9rence de buts) au classement g\u00e9n\u00e9ral de Division 2 poule D.<\/p>\n<p>                Quant \u00e0 AC DE RENNES, cette 18\u00e8me victoire de l&rsquo;ann\u00e9e (pour 1 d\u00e9faite et 2 nuls) lui permet de prendre la 1\u00e8re place (56 points, 54).\u00a0<\/p>\n<p>D&rsquo;autres rencontres se sont d\u00e9roul\u00e9es lors de cette 21\u00e8me journ\u00e9e : <\/p>\n<ul>\n<li>STADE CASTELBOURGEOIS FC 1-6 FC AUBINOIS <\/li>\n<li>US GOSNE 2-0 CS BETTON <\/li>\n<li>U. S. ILLET FORET SAINT SULPICE LA FORET 1-1 OC CESSONNAIS FOOTBALL <\/li>\n<li>NOYAL BRECE FC 0-5 ES THORIGNE FOUILLARD <\/li>\n<li>US ACIGNE 0-0 US LIFFRE <\/li>\n<\/ul>\n<p>\u00a0<\/p>\n<p>Au programme de la prochaine journ\u00e9e de championnat, le 18 mai 2025 : <\/p>\n<ul>\n<li>CS BETTON &#8211; U. S. ILLET FORET SAINT SULPICE LA FORET <\/li>\n<li>OC CESSONNAIS FOOTBALL &#8211; BREIZH FOBAL KLUB RENNES <\/li>\n<li>US LIFFRE &#8211; STADE CASTELBOURGEOIS FC <\/li>\n<li>AC DE RENNES &#8211; NOYAL BRECE FC <\/li>\n<li>FC AUBINOIS &#8211; US GOSNE <\/li>\n<li>ES THORIGNE FOUILLARD &#8211; US ACIGNE <\/li>\n<\/ul>\n<p>.<\/p>\n","protected":false},"excerpt":{"rendered":"Dans la rencontre l&rsquo;opposant \u00e0 AC DE RENNES, BREIZH FOBAL KLUB RENNES n&rsquo;a pas r\u00e9ussi \u00e0 s&rsquo;imposer \u00e0&hellip;\n","protected":false},"author":2,"featured_media":26155,"comment_status":"","ping_status":"","sticky":false,"template":"","format":"standard","meta":{"footnotes":""},"categories":[2821],"tags":[1111,11,829,9315,1777,674,9314,63,1011,27,12,584,25,60],"class_list":{"0":"post-92813","1":"post","2":"type-post","3":"status-publish","4":"format-standard","5":"has-post-thumbnail","7":"category-rennes","8":"tag-actu","9":"tag-actualites","10":"tag-bretagne","11":"tag-clubs-amateurs","12":"tag-eu","13":"tag-europe","14":"tag-foot-amateur","15":"tag-football","16":"tag-fr","17":"tag-france","18":"tag-news","19":"tag-rennes","20":"tag-republique-francaise","21":"tag-sports"},"share_on_mastodon":{"url":"https:\/\/pubeurope.com\/@fr\/114491605822377969","error":""},"_links":{"self":[{"href":"https:\/\/www.europesays.com\/fr\/wp-json\/wp\/v2\/posts\/92813","targetHints":{"allow":["GET"]}}],"collection":[{"href":"https:\/\/www.europesays.com\/fr\/wp-json\/wp\/v2\/posts"}],"about":[{"href":"https:\/\/www.europesays.com\/fr\/wp-json\/wp\/v2\/types\/post"}],"author":[{"embeddable":true,"href":"https:\/\/www.europesays.com\/fr\/wp-json\/wp\/v2\/users\/2"}],"replies":[{"embeddable":true,"href":"https:\/\/www.europesays.com\/fr\/wp-json\/wp\/v2\/comments?post=92813"}],"version-history":[{"count":0,"href":"https:\/\/www.europesays.com\/fr\/wp-json\/wp\/v2\/posts\/92813\/revisions"}],"wp:featuredmedia":[{"embeddable":true,"href":"https:\/\/www.europesays.com\/fr\/wp-json\/wp\/v2\/media\/26155"}],"wp:attachment":[{"href":"https:\/\/www.europesays.com\/fr\/wp-json\/wp\/v2\/media?parent=92813"}],"wp:term":[{"taxonomy":"category","embeddable":true,"href":"https:\/\/www.europesays.com\/fr\/wp-json\/wp\/v2\/categories?post=92813"},{"taxonomy":"post_tag","embeddable":true,"href":"https:\/\/www.europesays.com\/fr\/wp-json\/wp\/v2\/tags?post=92813"}],"curies":[{"name":"wp","href":"https:\/\/api.w.org\/{rel}","templated":true}]}}