{"id":92815,"date":"2025-05-11T22:41:09","date_gmt":"2025-05-11T22:41:09","guid":{"rendered":"https:\/\/www.europesays.com\/fr\/92815\/"},"modified":"2025-05-11T22:41:09","modified_gmt":"2025-05-11T22:41:09","slug":"alsace-pierre-andre-weitz-enfant-de-bussang-sur-les-scenes-du-monde-entier-et-a-lopera-national-du-rhin","status":"publish","type":"post","link":"https:\/\/www.europesays.com\/fr\/92815\/","title":{"rendered":"Alsace. Pierre-Andr\u00e9 Weitz, enfant de Bussang, sur les sc\u00e8nes du monde entier et \u00e0 l\u2019Op\u00e9ra national du Rhin"},"content":{"rendered":"<p>Na\u00eetre \u00e0 Bussang, au mitan des ann\u00e9es 60, dans une famille d\u2019artistes semble tenir  a posteriori  de la pr\u00e9destination. Tr\u00e8s jeune, Pierre-Andr\u00e9 Weitz monte sur les planches du v\u00e9n\u00e9rable et r\u00e9volutionnaire Th\u00e9\u00e2tre du Peuple, cr\u00e9\u00e9 il y a 130 ans par Maurice Pottecher. L\u2019enfant y exerce tous les m\u00e9tiers, y compris celui de musicien, avant de partir \u00e9tudier l\u2019architecture \u00e0 Strasbourg, sous l\u2019amicale pression des parents qui veulent le voir apprendre un \u00ab vrai \u00bb travail. En parall\u00e8le, il se forme \u00e0 l\u2019art lyrique au Conservatoire&#8230;.<\/p>\n","protected":false},"excerpt":{"rendered":"Na\u00eetre \u00e0 Bussang, au mitan des ann\u00e9es 60, dans une famille d\u2019artistes semble tenir a posteriori de la&hellip;\n","protected":false},"author":2,"featured_media":92816,"comment_status":"","ping_status":"","sticky":false,"template":"","format":"standard","meta":{"footnotes":""},"categories":[2820],"tags":[1111,11,1687,2880,1777,674,107,1011,27,775,12,25,3140,640,2879],"class_list":{"0":"post-92815","1":"post","2":"type-post","3":"status-publish","4":"format-standard","5":"has-post-thumbnail","7":"category-strasbourg","8":"tag-actu","9":"tag-actualites","10":"tag-culture-loisirs","11":"tag-edition-strasbourg","12":"tag-eu","13":"tag-europe","14":"tag-fil-info","15":"tag-fr","16":"tag-france","17":"tag-grand-est","18":"tag-news","19":"tag-republique-francaise","20":"tag-spectacle","21":"tag-strasbourg","22":"tag-strasbourg-ville"},"share_on_mastodon":{"url":"https:\/\/pubeurope.com\/@fr\/114491613738560425","error":""},"_links":{"self":[{"href":"https:\/\/www.europesays.com\/fr\/wp-json\/wp\/v2\/posts\/92815","targetHints":{"allow":["GET"]}}],"collection":[{"href":"https:\/\/www.europesays.com\/fr\/wp-json\/wp\/v2\/posts"}],"about":[{"href":"https:\/\/www.europesays.com\/fr\/wp-json\/wp\/v2\/types\/post"}],"author":[{"embeddable":true,"href":"https:\/\/www.europesays.com\/fr\/wp-json\/wp\/v2\/users\/2"}],"replies":[{"embeddable":true,"href":"https:\/\/www.europesays.com\/fr\/wp-json\/wp\/v2\/comments?post=92815"}],"version-history":[{"count":0,"href":"https:\/\/www.europesays.com\/fr\/wp-json\/wp\/v2\/posts\/92815\/revisions"}],"wp:featuredmedia":[{"embeddable":true,"href":"https:\/\/www.europesays.com\/fr\/wp-json\/wp\/v2\/media\/92816"}],"wp:attachment":[{"href":"https:\/\/www.europesays.com\/fr\/wp-json\/wp\/v2\/media?parent=92815"}],"wp:term":[{"taxonomy":"category","embeddable":true,"href":"https:\/\/www.europesays.com\/fr\/wp-json\/wp\/v2\/categories?post=92815"},{"taxonomy":"post_tag","embeddable":true,"href":"https:\/\/www.europesays.com\/fr\/wp-json\/wp\/v2\/tags?post=92815"}],"curies":[{"name":"wp","href":"https:\/\/api.w.org\/{rel}","templated":true}]}}