{"id":92817,"date":"2025-05-11T22:42:10","date_gmt":"2025-05-11T22:42:10","guid":{"rendered":"https:\/\/www.europesays.com\/fr\/92817\/"},"modified":"2025-05-11T22:42:10","modified_gmt":"2025-05-11T22:42:10","slug":"diaporama-les-courses-de-strasbourg-eurometropole-en-images","status":"publish","type":"post","link":"https:\/\/www.europesays.com\/fr\/92817\/","title":{"rendered":"Diaporama. Les courses de Strasbourg-Eurom\u00e9tropole en images"},"content":{"rendered":"<p>Les courses de Strasbourg-Eurom\u00e9tropole 2025 ont r\u00e9uni 12 000 participants. Un record sachant que les \u00e9ditions les plus prolifiques b\u00e9n\u00e9ficiaient encore de la Run&amp;Dance, de la marche nordique et des \u00e9preuves scolaires, avec leurs 3 000 \u00e2mes. La victoire de Gaston Rohmer, premier Alsacien vainqueur du 10km depuis les ann\u00e9es 80, \u00e0 m\u00eame pas 20 ans, constitue leur fait marquant. Avec Farida Abaroge, l&rsquo;Alsace r\u00e9alise m\u00eame le doubl\u00e9 sur 10km, comme le Maroc sur le semi-marathon, avec Younes Idlmoudden et Fatiha Asmid.<\/p>\n","protected":false},"excerpt":{"rendered":"Les courses de Strasbourg-Eurom\u00e9tropole 2025 ont r\u00e9uni 12 000 participants. Un record sachant que les \u00e9ditions les plus&hellip;\n","protected":false},"author":2,"featured_media":92818,"comment_status":"","ping_status":"","sticky":false,"template":"","format":"standard","meta":{"footnotes":""},"categories":[2820],"tags":[1111,11,2389,4132,2649,1777,674,1701,1011,27,2798,9540,775,12,25,20486,517,640],"class_list":{"0":"post-92817","1":"post","2":"type-post","3":"status-publish","4":"format-standard","5":"has-post-thumbnail","7":"category-strasbourg","8":"tag-actu","9":"tag-actualites","10":"tag-alsace","11":"tag-athletisme","12":"tag-bas-rhin","13":"tag-eu","14":"tag-europe","15":"tag-fil-info-sport","16":"tag-fr","17":"tag-france","18":"tag-galerie-photo","19":"tag-galerie-sport","20":"tag-grand-est","21":"tag-news","22":"tag-republique-francaise","23":"tag-selection-multimedia-sport","24":"tag-sport","25":"tag-strasbourg"},"share_on_mastodon":{"url":"https:\/\/pubeurope.com\/@fr\/114491617598858825","error":""},"_links":{"self":[{"href":"https:\/\/www.europesays.com\/fr\/wp-json\/wp\/v2\/posts\/92817","targetHints":{"allow":["GET"]}}],"collection":[{"href":"https:\/\/www.europesays.com\/fr\/wp-json\/wp\/v2\/posts"}],"about":[{"href":"https:\/\/www.europesays.com\/fr\/wp-json\/wp\/v2\/types\/post"}],"author":[{"embeddable":true,"href":"https:\/\/www.europesays.com\/fr\/wp-json\/wp\/v2\/users\/2"}],"replies":[{"embeddable":true,"href":"https:\/\/www.europesays.com\/fr\/wp-json\/wp\/v2\/comments?post=92817"}],"version-history":[{"count":0,"href":"https:\/\/www.europesays.com\/fr\/wp-json\/wp\/v2\/posts\/92817\/revisions"}],"wp:featuredmedia":[{"embeddable":true,"href":"https:\/\/www.europesays.com\/fr\/wp-json\/wp\/v2\/media\/92818"}],"wp:attachment":[{"href":"https:\/\/www.europesays.com\/fr\/wp-json\/wp\/v2\/media?parent=92817"}],"wp:term":[{"taxonomy":"category","embeddable":true,"href":"https:\/\/www.europesays.com\/fr\/wp-json\/wp\/v2\/categories?post=92817"},{"taxonomy":"post_tag","embeddable":true,"href":"https:\/\/www.europesays.com\/fr\/wp-json\/wp\/v2\/tags?post=92817"}],"curies":[{"name":"wp","href":"https:\/\/api.w.org\/{rel}","templated":true}]}}