{"id":92827,"date":"2025-05-11T22:49:11","date_gmt":"2025-05-11T22:49:11","guid":{"rendered":"https:\/\/www.europesays.com\/fr\/92827\/"},"modified":"2025-05-11T22:49:11","modified_gmt":"2025-05-11T22:49:11","slug":"georges-seguy-le-syndicaliste-resistant","status":"publish","type":"post","link":"https:\/\/www.europesays.com\/fr\/92827\/","title":{"rendered":"Georges S\u00e9guy, le syndicaliste r\u00e9sistant"},"content":{"rendered":"<p>            Par<br \/>\n        <strong><br \/>\n            <a href=\"https:\/\/actu.fr\/auteur\/redaction-toulouse\" title=\"Consulter tous les articles de R\u00e9daction de Toulouse\" rel=\"nofollow noopener\" target=\"_blank\">R\u00e9daction de Toulouse<\/a><br \/>\n        <\/strong><\/p>\n<p>        Publi\u00e9 le<\/p>\n<p>            11 mai 2025 \u00e0 15h16        <\/p>\n<p>4 f\u00e9vrier <strong>1944<\/strong>. Au 23, rue Saint-Etienne (aujourd\u2019hui Croix-Baragnon), <a href=\"https:\/\/actu.fr\/toulouse\/\" rel=\"nofollow noopener\" target=\"_blank\">\u00e0 <strong>Toulouse<\/strong><\/a>, la Gestapo perquisitionne l\u2019imprimerie<strong> d\u2019Henri Lion<\/strong> sur d\u00e9nonciation. L\u2019atelier, tout comme celui de son fr\u00e8re Raoul rue Romigui\u00e8res, fournit de nombreux documents destin\u00e9s aux clandestins. De ses presses sortent des faux papiers, cartes d\u2019identit\u00e9, livrets de famille, certificats, pour les personnes recherch\u00e9es par les autorit\u00e9s et des titres de la presse interdite \u2013 L\u2019Humanit\u00e9, Combat, Le Populaire du Sud-Ouest, Lib\u00e9ration-Sud, Le Patriote, L\u2019Avant-garde\u2026 \u2013 et autres publications ill\u00e9gales. Parmi les employ\u00e9s arr\u00eat\u00e9s et intern\u00e9s \u00e0 la prison Saint-Michel figure un apprenti conducteur typographe :<strong> Georges S\u00e9guy<\/strong>.<\/p>\n<p>R\u00e9sistant \u00e0 17 ans\u00a0<\/p>\n<p class=\" wall-content\">Malgr\u00e9 ses 17 ans, c\u2019est un r\u00e9sistant \u00e9prouv\u00e9 qui fait office, depuis 1942, d\u2019agent de liaison avec les organisations de la CGT, du Front national, des Francs-tireurs et partisans fran\u00e7ais (FTPT) et du Parti communiste, ce que la police ignore.<\/p>\n<p class=\" wall-content\">Le futur secr\u00e9taire g\u00e9n\u00e9ral de la centrale c\u00e9g\u00e9tiste suit la <strong>tradition familiale<\/strong>, \u00e0 l\u2019instar de son p\u00e8re Andr\u00e9, un des dirigeants des cheminots toulousains et de sa s\u0153ur Denise, s\u2019engage naturellement dans l\u2019action r\u00e9sistante.<\/p>\n<p class=\" wall-content\">Au printemps 1942, l\u2019annonce de l\u2019ex\u00e9cution de <strong>Pierre Semard<\/strong>, ancien secr\u00e9taire g\u00e9n\u00e9ral du PCF et ami personnel des S\u00e9guy, renforce un peu plus ses convictions. Dans son autobiographie Lutter publi\u00e9e en 1975, il d\u00e9clare tout de go : \u00a0\u00bb L\u2019annonce de cette mort m\u2019a d\u00e9termin\u00e9 \u00e0 venger un homme comme lui \u00ab\u00a0. Apr\u00e8s trois semaines d\u2019interrogatoire, il est transf\u00e9r\u00e9 au camp de transit de Compi\u00e8gne puis \u00e0 celui de <strong>Mauthausen<\/strong>, en Autriche, le 26 mars. Affect\u00e9 dans un premier temps \u00e0 la carri\u00e8re de Wienergraben pour remplir et transporter les wagonnets, il est<strong> atteint de pleur\u00e9sie<\/strong>. Gr\u00e2ce \u00e0 la solidarit\u00e9 de m\u00e9decins et infirmiers antifascistes, il peut miraculeusement \u00eatre soign\u00e9.<\/p>\n<p class=\" wall-content\">En janvier 1945, il regagne son Kommando et se fait passer pour un ouvrier m\u00e9tallurgiste. Au nouvel atelier d\u2019aviation, il participe \u00e0 diverses actions de sabotage. Lib\u00e9r\u00e9 le 28 avril par la Croix-Rouge, il est \u00e9vacu\u00e9 vers la Suisse puis rentre dans la Ville rose le 5 mai.<\/p>\n<p>Une rapide ascension syndicale<\/p>\n<p class=\" wall-content\">Apr\u00e8s avoir travaill\u00e9 durant quelques mois au service abonnements du <strong>Patriote de Toulouse<\/strong>, Georges S\u00e9guy adh\u00e8re \u00e0 la CGT et commence sa<strong> carri\u00e8re \u00e0 la SNCF<\/strong>. Il y gravit rapidement les \u00e9chelons et acc\u00e8de d\u00e8s le printemps 1949 au secr\u00e9tariat de la F\u00e9d\u00e9ration CGT des cheminots. En 1965, il devient membre du Bureau conf\u00e9d\u00e9ral avant de se faire \u00e9lire, deux ans plus tard, <strong>secr\u00e9taire g\u00e9n\u00e9ral du syndicat<\/strong>. Il tient un r\u00f4le de premier plan au cours des grandes gr\u00e8ves de mai-juin 1968 qui d\u00e9bouchent sur les \u00a0\u00bb accords \u00a0\u00bb de Grenelle conclu entre le gouvernement Pompidou et les organisations syndicales et patronales (obtention d\u2019une augmentation du SMIG de 35%, cr\u00e9ation de la section syndicale d\u2019entreprise\u2026).\u00a0<\/p>\n<p class=\" wall-content\"><b>Mathieu Arnal<\/b><\/p>\n<p class=\" wall-content\">Suivez toute l\u2019actualit\u00e9 de vos villes et m\u00e9dias favoris en vous inscrivant \u00e0 <a href=\"https:\/\/moncompte.actu.fr\" title=\"D\u00e9couvez Mon Actu\" rel=\"nofollow noopener\" data-trk=\"{&quot;cta&quot;:{&quot;action&quot;:&quot;https:\\\/\\\/moncompte.actu.fr&quot;,&quot;category&quot;:&quot;mon compte&quot;,&quot;from&quot;:&quot;article footer&quot;,&quot;name&quot;:&quot;Mon actu&quot;,&quot;type&quot;:&quot;cta&quot;}}\" target=\"_blank\">Mon Actu<\/a>.<\/p>\n","protected":false},"excerpt":{"rendered":"Par R\u00e9daction de Toulouse Publi\u00e9 le 11 mai 2025 \u00e0 15h16 4 f\u00e9vrier 1944. Au 23, rue Saint-Etienne&hellip;\n","protected":false},"author":2,"featured_media":92828,"comment_status":"","ping_status":"","sticky":false,"template":"","format":"standard","meta":{"footnotes":""},"categories":[2816],"tags":[1111,11,1777,674,1011,27,937,12,2680,25,935,104,3427,2312],"class_list":{"0":"post-92827","1":"post","2":"type-post","3":"status-publish","4":"format-standard","5":"has-post-thumbnail","7":"category-toulouse","8":"tag-actu","9":"tag-actualites","10":"tag-eu","11":"tag-europe","12":"tag-fr","13":"tag-france","14":"tag-histoire","15":"tag-news","16":"tag-occitanie","17":"tag-republique-francaise","18":"tag-seconde-guerre-mondiale","19":"tag-societe","20":"tag-syndicats","21":"tag-toulouse"},"share_on_mastodon":{"url":"https:\/\/pubeurope.com\/@fr\/114491645236632896","error":""},"_links":{"self":[{"href":"https:\/\/www.europesays.com\/fr\/wp-json\/wp\/v2\/posts\/92827","targetHints":{"allow":["GET"]}}],"collection":[{"href":"https:\/\/www.europesays.com\/fr\/wp-json\/wp\/v2\/posts"}],"about":[{"href":"https:\/\/www.europesays.com\/fr\/wp-json\/wp\/v2\/types\/post"}],"author":[{"embeddable":true,"href":"https:\/\/www.europesays.com\/fr\/wp-json\/wp\/v2\/users\/2"}],"replies":[{"embeddable":true,"href":"https:\/\/www.europesays.com\/fr\/wp-json\/wp\/v2\/comments?post=92827"}],"version-history":[{"count":0,"href":"https:\/\/www.europesays.com\/fr\/wp-json\/wp\/v2\/posts\/92827\/revisions"}],"wp:featuredmedia":[{"embeddable":true,"href":"https:\/\/www.europesays.com\/fr\/wp-json\/wp\/v2\/media\/92828"}],"wp:attachment":[{"href":"https:\/\/www.europesays.com\/fr\/wp-json\/wp\/v2\/media?parent=92827"}],"wp:term":[{"taxonomy":"category","embeddable":true,"href":"https:\/\/www.europesays.com\/fr\/wp-json\/wp\/v2\/categories?post=92827"},{"taxonomy":"post_tag","embeddable":true,"href":"https:\/\/www.europesays.com\/fr\/wp-json\/wp\/v2\/tags?post=92827"}],"curies":[{"name":"wp","href":"https:\/\/api.w.org\/{rel}","templated":true}]}}