{"id":92831,"date":"2025-05-11T22:52:11","date_gmt":"2025-05-11T22:52:11","guid":{"rendered":"https:\/\/www.europesays.com\/fr\/92831\/"},"modified":"2025-05-11T22:52:11","modified_gmt":"2025-05-11T22:52:11","slug":"trophees-unfp-le-lillois-lucas-chevalier-elu-meilleur-gardien-de-ligue-1-sport","status":"publish","type":"post","link":"https:\/\/www.europesays.com\/fr\/92831\/","title":{"rendered":"Troph\u00e9es UNFP. Le Lillois Lucas Chevalier, \u00e9lu meilleur gardien de Ligue 1 . Sport"},"content":{"rendered":"<p><strong>\u00ab\u00a0C\u2019est la premi\u00e8re fois que je suis nomm\u00e9, je n\u2019avais jamais gagn\u00e9, merci beaucoup, c\u2019est l\u2019aboutissement d\u2019un travail de longue haleine je m\u2019inscris derri\u00e8re des grands noms. Merci aux votants, \u00e0 mes d\u00e9fenseurs d\u2019avoir laiss\u00e9 passer un peu des actions pour que je m\u2019illustre<\/strong>, plaisante-t-il. <strong>Il reste un match on doit aller chercher la 4e place pour aller chercher les qualifications \u00e0 la Ligue des champions.\u00a0\u00bb<\/strong> Ainsi s\u2019est exprim\u00e9 Lucas Chevalier, ce dimanche 11\u00a0mai apr\u00e8s avoir \u00e9t\u00e9 r\u00e9compens\u00e9 du troph\u00e9e de meilleur gardien de Ligue 1\u00a0lors de <a href=\"https:\/\/www.ouest-france.fr\/sport\/football\/ligue-1\/direct\/direct-trophees-unfp-suivez-la-33e-edition-de-la-ceremonie-du-football-francais-en-live-6bb315be-f573-4328-aee2-a281fd9925d9\" target=\"_blank\" rel=\"nofollow noopener\">la c\u00e9r\u00e9monie des troph\u00e9es UNFP<\/a>, ce dimanche 11\u00a0mai.<\/p>\n<p>Appel\u00e9 pour la premi\u00e8re fois en \u00e9quipe de France \u00e0 l\u2019occasion du rassemblement de novembre, Lucas Chevalier est un pur produit du Nord de la France. Dot\u00e9 de qualit\u00e9s naturelles sup\u00e9rieures \u00e0 la moyenne, le jeune gardien a connu une trajectoire lin\u00e9aire avant d\u2019exploser au plus haut niveau avec Lille, son club de c\u0153ur.<\/p>\n<p><strong>Lire aussi\u00a0:<\/strong>\u00a0<a href=\"https:\/\/lille.maville.com\/sport\/detail_-portrait.-le-numero-1-en-ligue-1-lucas-chevalier-chez-les-bleus-itineraire-d-un-gamin-en-nord-_53066-6547542_actu.Htm\" target=\"_blank\" rel=\"nofollow noopener\">PORTRAIT. \u00ab\u00a0Le num\u00e9ro\u00a01 en Ligue 1\u00a0\u00bb\u00a0: Lucas Chevalier chez les Bleus, itin\u00e9raire d\u2019un gamin en Nord<\/a><\/p>\n<p>Dans cette cat\u00e9gorie, \u00e9taient \u00e9galement nomm\u00e9s\u00a0: Gianluigi Donnarumma (PSG), r\u00e9compens\u00e9 la saison derni\u00e8re et en 2022, le Marseillais Geronimo Rulli et le Strasbourgeois Petrovic.<\/p>\n<p>\u00a0<\/p>\n","protected":false},"excerpt":{"rendered":"\u00ab\u00a0C\u2019est la premi\u00e8re fois que je suis nomm\u00e9, je n\u2019avais jamais gagn\u00e9, merci beaucoup, c\u2019est l\u2019aboutissement d\u2019un travail&hellip;\n","protected":false},"author":2,"featured_media":92832,"comment_status":"","ping_status":"","sticky":false,"template":"","format":"standard","meta":{"footnotes":""},"categories":[2815],"tags":[1111,11,3809,1465,1777,674,63,1011,27,1792,811,1922,1307,12,25,479,517,1470],"class_list":{"0":"post-92831","1":"post","2":"type-post","3":"status-publish","4":"format-standard","5":"has-post-thumbnail","7":"category-lille","8":"tag-actu","9":"tag-actualites","10":"tag-ball","11":"tag-basket","12":"tag-eu","13":"tag-europe","14":"tag-football","15":"tag-fr","16":"tag-france","17":"tag-handball","18":"tag-hauts-de-france","19":"tag-info","20":"tag-lille","21":"tag-news","22":"tag-republique-francaise","23":"tag-rugby","24":"tag-sport","25":"tag-volley"},"share_on_mastodon":{"url":"https:\/\/pubeurope.com\/@fr\/114491656938275123","error":""},"_links":{"self":[{"href":"https:\/\/www.europesays.com\/fr\/wp-json\/wp\/v2\/posts\/92831","targetHints":{"allow":["GET"]}}],"collection":[{"href":"https:\/\/www.europesays.com\/fr\/wp-json\/wp\/v2\/posts"}],"about":[{"href":"https:\/\/www.europesays.com\/fr\/wp-json\/wp\/v2\/types\/post"}],"author":[{"embeddable":true,"href":"https:\/\/www.europesays.com\/fr\/wp-json\/wp\/v2\/users\/2"}],"replies":[{"embeddable":true,"href":"https:\/\/www.europesays.com\/fr\/wp-json\/wp\/v2\/comments?post=92831"}],"version-history":[{"count":0,"href":"https:\/\/www.europesays.com\/fr\/wp-json\/wp\/v2\/posts\/92831\/revisions"}],"wp:featuredmedia":[{"embeddable":true,"href":"https:\/\/www.europesays.com\/fr\/wp-json\/wp\/v2\/media\/92832"}],"wp:attachment":[{"href":"https:\/\/www.europesays.com\/fr\/wp-json\/wp\/v2\/media?parent=92831"}],"wp:term":[{"taxonomy":"category","embeddable":true,"href":"https:\/\/www.europesays.com\/fr\/wp-json\/wp\/v2\/categories?post=92831"},{"taxonomy":"post_tag","embeddable":true,"href":"https:\/\/www.europesays.com\/fr\/wp-json\/wp\/v2\/tags?post=92831"}],"curies":[{"name":"wp","href":"https:\/\/api.w.org\/{rel}","templated":true}]}}