{"id":92839,"date":"2025-05-11T22:56:08","date_gmt":"2025-05-11T22:56:08","guid":{"rendered":"https:\/\/www.europesays.com\/fr\/92839\/"},"modified":"2025-05-11T22:56:08","modified_gmt":"2025-05-11T22:56:08","slug":"lyon-coffee-fest-radio-scoop","status":"publish","type":"post","link":"https:\/\/www.europesays.com\/fr\/92839\/","title":{"rendered":"Lyon Coffee Fest &#8211; Radio SCOOP"},"content":{"rendered":"<p>Rendez-vous samedi 17 et dimanche 18 mai 2025 d\u00e8s 8h, au In-Sted \u00e0 Lyon.<\/p>\n<p>Le <b>Lyon Coffee Fest<\/b> est le premier festival du <b>caf\u00e9<\/b> de Lyon !<\/p>\n<p>Lyon, capitale gastronomique fran\u00e7aise, c\u00e9l\u00e8bre depuis longtemps son excellence culinaire. Mais qu&rsquo;en est-il de sa culture du caf\u00e9 ? Avec ses nombreux torr\u00e9facteurs r\u00e9put\u00e9s, ses baristas de talent et ses innombrables caf\u00e9s \u00e0 l&rsquo;ambiance unique, Lyon est le si\u00e8ge d&rsquo;une sc\u00e8ne caf\u00e9in\u00e9e dynamique appr\u00e9ci\u00e9e des locaux et des touristes. Il est temps de mettre en avant l&rsquo;impact de la ville dans le monde du caf\u00e9 de sp\u00e9cialit\u00e9. <\/p>\n<p><b>Au programme : <\/b><br \/>&#8211; Rencontrer les torr\u00e9facteurs <br \/>&#8211; D\u00e9monstrations en direct <br \/>&#8211; D\u00e9gustation &amp; Ateliers <\/p>\n<p>Rendez-vous samedi 17 et dimanche 18 mai 2025 <br \/>d\u00e8s 8h, au In-Sted \u00e0 Lyon<\/p>\n<p>Infos pratiques :<br \/>&#8211; Adresse : 6 rue de la Part-Dieu 69003 Lyon <br \/>&#8211; Horaires : Samedi 17\/05 de 8h \u00e0 21h, dimanche 18\/05 de 8h \u00e0 18h30<br \/>&#8211; Entr\u00e9e : 8,90 euros<br \/>&#8211; Billetterie <a class=\"url\" href=\"https:\/\/my.weezevent.com\/lyon-coffee-fest \" target=\"_blank\" rel=\"noopener\">ici<\/a><\/p>\n<p>Plus d&rsquo;infos sur le site <a class=\"url\" href=\"https:\/\/www.lyoncoffeefest.com\/\" target=\"_blank\" rel=\"noopener\">Lyon Coffee Fest<\/a>.<\/p>\n<p>Impact FM est partenaire de l&rsquo;\u00e9v\u00e8nement<\/p>\n<tr>\n<td class=\"defaut\"><a href=\"https:\/\/www.radioscoop.com\/agenda\/javascript:void(0)\" onclick=\"parent.RS.diaporama.addMedia(691042) ;\" target=\"_blank\" rel=\"noopener\"><img loading=\"lazy\" decoding=\"async\" src=\"https:\/\/www.europesays.com\/fr\/wp-content\/uploads\/2025\/05\/1747004168_354_img\" width=\"640\" height=\"360\" border=\"0\" title=\"Lyon Coffee Fest\"\/><\/a><\/td>\n<\/tr>\n<p><\/p>\n","protected":false},"excerpt":{"rendered":"Rendez-vous samedi 17 et dimanche 18 mai 2025 d\u00e8s 8h, au In-Sted \u00e0 Lyon. Le Lyon Coffee Fest&hellip;\n","protected":false},"author":2,"featured_media":92840,"comment_status":"","ping_status":"","sticky":false,"template":"","format":"standard","meta":{"footnotes":""},"categories":[1889],"tags":[1111,11,10036,2430,20506,20504,20508,20507,1777,674,1011,27,1661,20503,2428,20502,12,5486,25,20505],"class_list":{"0":"post-92839","1":"post","2":"type-post","3":"status-publish","4":"format-standard","5":"has-post-thumbnail","7":"category-lyon","8":"tag-actu","9":"tag-actualites","10":"tag-ateliers","11":"tag-auvergne-rhone-alpes","12":"tag-baristas","13":"tag-caf","14":"tag-dgustation","15":"tag-demonstrations","16":"tag-eu","17":"tag-europe","18":"tag-fr","19":"tag-france","20":"tag-gastronomie","21":"tag-in-sted","22":"tag-lyon","23":"tag-lyon-coffee-fest","24":"tag-news","25":"tag-rencontre","26":"tag-republique-francaise","27":"tag-torrfacteurs"},"share_on_mastodon":{"url":"https:\/\/pubeurope.com\/@fr\/114491672832417217","error":""},"_links":{"self":[{"href":"https:\/\/www.europesays.com\/fr\/wp-json\/wp\/v2\/posts\/92839","targetHints":{"allow":["GET"]}}],"collection":[{"href":"https:\/\/www.europesays.com\/fr\/wp-json\/wp\/v2\/posts"}],"about":[{"href":"https:\/\/www.europesays.com\/fr\/wp-json\/wp\/v2\/types\/post"}],"author":[{"embeddable":true,"href":"https:\/\/www.europesays.com\/fr\/wp-json\/wp\/v2\/users\/2"}],"replies":[{"embeddable":true,"href":"https:\/\/www.europesays.com\/fr\/wp-json\/wp\/v2\/comments?post=92839"}],"version-history":[{"count":0,"href":"https:\/\/www.europesays.com\/fr\/wp-json\/wp\/v2\/posts\/92839\/revisions"}],"wp:featuredmedia":[{"embeddable":true,"href":"https:\/\/www.europesays.com\/fr\/wp-json\/wp\/v2\/media\/92840"}],"wp:attachment":[{"href":"https:\/\/www.europesays.com\/fr\/wp-json\/wp\/v2\/media?parent=92839"}],"wp:term":[{"taxonomy":"category","embeddable":true,"href":"https:\/\/www.europesays.com\/fr\/wp-json\/wp\/v2\/categories?post=92839"},{"taxonomy":"post_tag","embeddable":true,"href":"https:\/\/www.europesays.com\/fr\/wp-json\/wp\/v2\/tags?post=92839"}],"curies":[{"name":"wp","href":"https:\/\/api.w.org\/{rel}","templated":true}]}}