{"id":92847,"date":"2025-05-11T23:03:10","date_gmt":"2025-05-11T23:03:10","guid":{"rendered":"https:\/\/www.europesays.com\/fr\/92847\/"},"modified":"2025-05-11T23:03:10","modified_gmt":"2025-05-11T23:03:10","slug":"en-russie-le-desarroi-des-habitants-de-la-ville-de-koursk-que-se-disputent-kiev-et-moscou","status":"publish","type":"post","link":"https:\/\/www.europesays.com\/fr\/92847\/","title":{"rendered":"en Russie, le d\u00e9sarroi des habitants de la ville de Koursk que se disputent Kiev et Moscou"},"content":{"rendered":"<p class=\"article-p mdl\">Apr\u00e8s des mois de combats, l&rsquo;Ukraine a \u00e9t\u00e9 chass\u00e9e de la r\u00e9gion frontali\u00e8re russe de Koursk en mars dernier par les soldats de Moscou qui ont repris le territoire. Fin avril,<strong> la Russie a revendiqu\u00e9 l&rsquo;avoir enti\u00e8rement lib\u00e9r\u00e9<\/strong>. Le pr\u00e9sident Volodymyr Zelensky a quant \u00e0 lui assur\u00e9 que les troupes ukrainiennes y poursuivaient des op\u00e9rations.<\/p>\n<p class=\"article-p mdl\">En ao\u00fbt, l&rsquo;Ukraine avait d\u00e9clench\u00e9 \u00e0 partir de ce territoire\u00a0<a class=\"link\" href=\"https:\/\/www.rtl.fr\/actu\/international\/ce-que-l-on-sait-de-l-offensive-ukrainienne-en-russie-7900407555\" title=\"Guerre en Ukraine : ce que l&#039;on sait de l&#039;offensive ukrainienne en Russie\" target=\"_blank\" rel=\"noopener\">une offensive surprise<\/a>, s&#8217;emparant de centaines de kilom\u00e8tres carr\u00e9s. Au plus fort de son incursion, les troupes de Kiev ont occup\u00e9 plus de 1.000 km\u00b2 de territoire russe. Aujourd&rsquo;hui, la ville de <strong>Koursk vit toujours sous la menace des drones ukrainiens <\/strong>qui tombent parfois en p\u00e9riph\u00e9rie de la ville.\u00a0<\/p>\n<p class=\"article-p mdl\">Des sacs de sable bouchent les fen\u00eatres des refuges au rez-de-chauss\u00e9e de certains b\u00e2timents officiels. Sur les trottoirs, des blocs de b\u00e9ton servent d\u2019abri aux habitants. Galina, cette grand-m\u00e8re qui rentre des courses, s\u2019y r\u00e9fugie \u00e0 chaque alerte : \u00ab\u00a0Sur les murs, les num\u00e9ros de t\u00e9l\u00e9phone d\u2019urgence que l\u2019on conna\u00eet par c\u0153ur sont inscrits. Une fl\u00e8che indique o\u00f9 trouver la trousse de premier secours la plus proche, en g\u00e9n\u00e9ral dans une pharmacie. Mais beaucoup d\u2019habitants ont d\u00e9j\u00e0 cela sur eux. J\u2019essaie de ne pas trop penser \u00e0 tout cela, sinon <strong>\u00e7a m\u2019angoisse et on devient fou<\/strong>.\u00a0\u00bb\u00a0<\/p>\n<p class=\"article-p mdl\">Helena, de son c\u00f4t\u00e9, raconte qu&rsquo;au fil des mois, quasiment plus personne ne court sous les sir\u00e8nes pour se mettre aux abris : \u00ab\u00a0On s\u2019est habitu\u00e9 \u00e0 cette situation et on essaie de vivre normalement. Les sir\u00e8nes, c\u2019est une chose, mais quand un missile tombe ou est abattu par notre d\u00e9fense anti-a\u00e9rienne, c\u2019est vraiment effrayant. Cela retombe sur des immeubles. Notre arm\u00e9e est l\u00e0 pour nous prot\u00e9ger, je les remercie.\u00a0\u00bb Sur les avenues, des camions de transports de troupes circulent r\u00e9guli\u00e8rement. La lettre Z, symbole de l\u2019op\u00e9ration sp\u00e9ciale militaire en Ukraine\u00a0est inscrite sur les v\u00e9hicules. \u00c0 l&rsquo;int\u00e9rieur : des soldats revenant du front.<\/p>\n<p>            \u00ab\u00a0On se sent abandonn\u00e9s par les autorit\u00e9s\u00a0\u00bb<\/p>\n<p class=\"article-p mdl\">Dans cette r\u00e9gion frontali\u00e8re un temps disput\u00e9e, <strong>150.000 personnes se sont r\u00e9fugi\u00e9es<\/strong>. Depuis des mois, ils vivent dans des appartements ou des centres d\u2019h\u00e9bergement d\u2019urgence. Ils racontent comment ils ont fui leur maison face \u00e0 l\u2019avanc\u00e9e des soldats ukrainiens, comment ils se sont cach\u00e9s dans la for\u00eat ou les monast\u00e8res, et leur longue marche \u00e0 pied sous les tirs ennemis.\u00a0<\/p>\n<p class=\"article-p mdl\">\u00c0 72 ans, Alexander est un rescap\u00e9. Il vivait \u00e0 Soudja, aujourd\u2019hui reprise par l\u2019arm\u00e9e russe. Il a tout perdu : \u00ab\u00a0J\u2019ai aujourd\u2019hui de quoi manger, de quoi dormir, de quoi vivre. J\u2019ai m\u00eame re\u00e7u une proposition d\u2019indemnisation de la part de l\u2019\u00c9tat pour ma maison, mais cela ne couvre que la moiti\u00e9 de sa valeur. Qu\u2019est-ce que je vais faire ? Retourner \u00e0 Soudja est trop dangereux. On se sent abandonn\u00e9 par les autorit\u00e9s. <strong>Nous devons juste survivre, d\u2019une mani\u00e8re ou d\u2019une autre<\/strong>.\u00a0\u00bb\u00a0<\/p>\n<p class=\"article-p mdl\">Sur place, les habitants doutent que<a class=\"link\" href=\"https:\/\/www.rtl.fr\/actu\/international\/guerre-en-ukraine-vladimir-poutine-propose-des-negociations-directes-avec-l-ukraine-a-istanbul-le-15-mai-7900503189\" title=\"Guerre en Ukraine : Vladimir Poutine propose des n\u00e9gociations &quot;directes&quot; avec l&#039;Ukraine \u00e0 Istanbul le 15 mai, Zelensky se dit &quot;pr\u00eat&quot;\" target=\"_blank\" rel=\"noopener\"> les annonces de pourparlers directs avec l\u2019Ukraine<\/a>\u00a0m\u00e8nent \u00e0 des r\u00e9sultats. \u00ab\u00a0Cela fait longtemps que notre pays est pr\u00eat pour des n\u00e9gociations directes, mais <strong>c\u2019est l\u2019Ukraine qui ne respecte pas les r\u00e8gles<\/strong>, viole les cessez-le-feu, ce qui permet \u00e0 son arm\u00e9e de se r\u00e9organiser et de recevoir de l\u2019\u00e9quipement militaire. Je suis pour la paix, qu\u2019une vie normale reprenne, mais cela ne d\u00e9pend pas de nous mais des Ukrainiens\u00a0\u00bb, d\u00e9fend Kiril.\u00a0<\/p>\n<p>    La r\u00e9daction vous recommande<\/p>\n<p class=\"s-newsletter__title\">\n                L\u2019actualit\u00e9 par la r\u00e9daction de RTL dans votre bo\u00eete mail.\n            <\/p>\n<p class=\"s-newsletter__subtitle\">\n                Gr\u00e2ce \u00e0 votre compte RTL abonnez-vous \u00e0 la newsletter RTL info pour suivre toute l&rsquo;actualit\u00e9 au quotidien\n            <\/p>\n<p>\n                                    Lire la suite\n                                <\/p>\n","protected":false},"excerpt":{"rendered":"Apr\u00e8s des mois de combats, l&rsquo;Ukraine a \u00e9t\u00e9 chass\u00e9e de la r\u00e9gion frontali\u00e8re russe de Koursk en mars&hellip;\n","protected":false},"author":2,"featured_media":92848,"comment_status":"","ping_status":"","sticky":false,"template":"","format":"standard","meta":{"footnotes":""},"categories":[1591],"tags":[11,2120,1887,107,131,12,1885,1886,132,220],"class_list":{"0":"post-92847","1":"post","2":"type-post","3":"status-publish","4":"format-standard","5":"has-post-thumbnail","7":"category-russie","8":"tag-actualites","9":"tag-conflit","10":"tag-federation-de-russie","11":"tag-fil-info","12":"tag-guerre-en-ukraine","13":"tag-news","14":"tag-russia","15":"tag-russian-federation","16":"tag-russie","17":"tag-ukraine"},"share_on_mastodon":{"url":"https:\/\/pubeurope.com\/@fr\/114491700252426804","error":""},"_links":{"self":[{"href":"https:\/\/www.europesays.com\/fr\/wp-json\/wp\/v2\/posts\/92847","targetHints":{"allow":["GET"]}}],"collection":[{"href":"https:\/\/www.europesays.com\/fr\/wp-json\/wp\/v2\/posts"}],"about":[{"href":"https:\/\/www.europesays.com\/fr\/wp-json\/wp\/v2\/types\/post"}],"author":[{"embeddable":true,"href":"https:\/\/www.europesays.com\/fr\/wp-json\/wp\/v2\/users\/2"}],"replies":[{"embeddable":true,"href":"https:\/\/www.europesays.com\/fr\/wp-json\/wp\/v2\/comments?post=92847"}],"version-history":[{"count":0,"href":"https:\/\/www.europesays.com\/fr\/wp-json\/wp\/v2\/posts\/92847\/revisions"}],"wp:featuredmedia":[{"embeddable":true,"href":"https:\/\/www.europesays.com\/fr\/wp-json\/wp\/v2\/media\/92848"}],"wp:attachment":[{"href":"https:\/\/www.europesays.com\/fr\/wp-json\/wp\/v2\/media?parent=92847"}],"wp:term":[{"taxonomy":"category","embeddable":true,"href":"https:\/\/www.europesays.com\/fr\/wp-json\/wp\/v2\/categories?post=92847"},{"taxonomy":"post_tag","embeddable":true,"href":"https:\/\/www.europesays.com\/fr\/wp-json\/wp\/v2\/tags?post=92847"}],"curies":[{"name":"wp","href":"https:\/\/api.w.org\/{rel}","templated":true}]}}