{"id":92849,"date":"2025-05-11T23:04:09","date_gmt":"2025-05-11T23:04:09","guid":{"rendered":"https:\/\/www.europesays.com\/fr\/92849\/"},"modified":"2025-05-11T23:04:09","modified_gmt":"2025-05-11T23:04:09","slug":"guerre-en-ukraine-neonazis-dans-paris-appel-du-pape-pour-la-paix-cinq-infos-a-retenir-du-week-end","status":"publish","type":"post","link":"https:\/\/www.europesays.com\/fr\/92849\/","title":{"rendered":"Guerre en Ukraine, n\u00e9onazis dans Paris, appel du pape pour la paix\u2026 Cinq infos \u00e0 retenir du week-end"},"content":{"rendered":"<p class=\"latino-300b text-grey-800\">\n<p>  Par\u00a0<br \/>\nLe Nouvel Obs                <\/p>\n<p class=\"latino-300r text-grey-600\">\n      Publi\u00e9 le<\/p>\n<p>    11 mai 2025 \u00e0 19h02, mis \u00e0 jour le<\/p>\n<p>      11 mai 2025 \u00e0 20h01\n  <\/p>\n<p>      <img fetchpriority=\"high\" decoding=\"async\" class=\"mx-auto\" src=\"data:image\/svg+xml,%3Csvg%20xmlns%3D%27http%3A%2F%2Fwww.w3.org%2F2000%2Fsvg%27%20fill%3D%22%23e4e4e4%22%20viewBox%3D%270%200%20510%20340%27%20width%3D%22510%22%20height%3D%22340%22%3E%3Cpath%20d%3D%27M0%200h510v340H0z%27%2F%3E%3C%2Fsvg%3E\"  loading=\"eager\" width=\"510\" height=\"340\" data-oncrawl-image-size=\"510x340\" alt=\"Le pape L\u00e9on XIV au Vatican le 9\u00a0mai 2025.\"\/>      <\/p>\n<p class=\"latino-100m text-grey-600\">\n            Le pape L\u00e9on XIV au Vatican le 9\u00a0mai 2025.\u00a0VATICAN MEDIA \/ HANS LUCAS VIA AFP        <\/p>\n<p>    Lire\u00a0plus\u00a0tard  <\/p>\n<p><a aria-label=\"Nous suivre sur Google News\" href=\"https:\/\/news.google.com\/publications\/CAAqBwgKMJe4nQkw3dFs?hl=fr&amp;gl=FR&amp;ceid=FR%3Afr\" target=\"_blank\" data-piano=\"Page_Article,Sous_date_publi,Nous_suivre_sur_google_news,1er_clic,action\" class=\"btn btn--small btn--secondary\" rel=\"noopener\"><\/p>\n<p>      Google Actualit\u00e9s<br \/>\n  <\/a><\/p>\n<p>  Partager<\/p>\n<p>        Facebook<\/p>\n<p>        Bluesky<\/p>\n<p>        E-mail<\/p>\n<p>        Copier le lien<\/p>\n<p>      Envoyer<\/p>\n<p>    Temps de lecture\u00a0:\u00a03\u00a0min.<\/p>\n<p class=\"article__description latino-600m mb-20 mb-lg-30 \" data-oncrawl-chapo-length=\"132\">\n  \t  R\u00e9cap\u00a0<br \/>\n    Vous n\u2019avez pas suivi l\u2019actualit\u00e9 de ce week-end des 10\u00a0et 11\u00a0mai\u00a0? \u00ab\u00a0Le Nouvel Obs\u00a0\u00bb vous a pr\u00e9par\u00e9 une s\u00e9ance de rattrapage.<\/p>\n<p class=\"node__paragraphe antonia-750r text-grey-800 pb-20 pb-md-30\">\nVous avez d\u00e9croch\u00e9 de l\u2019actualit\u00e9 ces deux derniers jours\u00a0? \u00ab\u00a0Le Nouvel Obs\u00a0\u00bb vous propose un r\u00e9sum\u00e9 des principales informations \u00e0 retenir de ces samedi\u00a010\u00a0et dimanche 11\u00a0mai.<\/p>\n<p>Guerre en Ukraine\u00a0: Zelensky se dit \u00ab\u00a0pr\u00eat\u00a0\u00bb \u00e0 des pourparlers avec Moscou<\/p>\n<p class=\"node__paragraphe antonia-750r text-grey-800 pb-20 pb-md-30\">\nVolodymyr Zelensky a demand\u00e9 ce dimanche \u00e0 la Russie de s\u2019engager \u00e0 respecter d\u00e8s lundi un cessez-le-feu de 30 jours, tout en se disant \u00ab\u00a0pr\u00eat\u00a0\u00bb \u00e0 des pourparlers directs avec Moscou jeudi.<\/p>\n<p class=\"node__paragraphe antonia-750r text-grey-800 pb-20 pb-md-30\">\n\u00ab\u00a0Nous attendons\u00a0un cessez-le-feu total et durable, \u00e0 partir de demain, pour fournir une base n\u00e9cessaire \u00e0 la diplomatie\u00a0\u00bb, a \u00e9crit le pr\u00e9dident ukrainien sur X, ajoutant\u00a0: \u00ab\u00a0J\u2019attendrai Poutine en Turquie jeudi. Personnellement. J\u2019esp\u00e8re que cette fois, les Russes ne chercheront pas d\u2019excuses\u00a0\u00bb.<\/p>\n<p class=\"node__paragraphe antonia-750r text-grey-800 pb-20 pb-md-30\">\nL\u2019Ukraine et ses alli\u00e9s europ\u00e9ens, de concert avec les Etats-Unis, ont adress\u00e9 samedi un ultimatum \u00e0 Moscou pour accepter un cessez-le-feu \u00ab\u00a0complet et inconditionnel\u00a0\u00bb de 30 jours \u00e0 partir de lundi, faute de quoi la Russie s\u2019exposerait \u00e0 de nouvelles \u00ab\u00a0sanctions massives\u00a0\u00bb.<\/p>\n<p class=\"node__paragraphe antonia-750r text-grey-800 pb-20 pb-md-30\">\nSans \u00e9voquer directement cette proposition, le pr\u00e9sident russe a reproch\u00e9 aux Europ\u00e9ens de traiter la Russie \u00ab\u00a0de mani\u00e8re grossi\u00e8re et \u00e0 l\u2019aide d\u2019ultimatums\u00a0\u00bb et estim\u00e9 que toute possible tr\u00eave devrait s\u2019inscrire dans des discussions \u00ab\u00a0directes\u00a0\u00bb avec Kiev. \u00ab\u00a0La Russie est pr\u00eate \u00e0 des n\u00e9gociations sans aucune condition pr\u00e9alable [\u2026]. Nous proposons de commencer d\u00e8s jeudi prochain, le 15\u00a0mai, \u00e0 Istanbul\u00a0\u00bb, a d\u00e9clar\u00e9 Vladimir Poutine.<\/p>\n<p class=\"node__paragraphe antonia-750r text-grey-800 pb-20 pb-md-30\">\nL\u2019Ukraine avait d\u00e9j\u00e0 propos\u00e9 \u00e0 plusieurs reprises ces derni\u00e8res semaines des tr\u00eaves de 30 jours \u00e0 la Russie, toutes rejet\u00e9es par Moscou.<\/p>\n<p class=\"latino-500b text-grey-600 pb-15\">A lire aussi<\/p>\n<p><a href=\"https:\/\/www.nouvelobs.com\/monde\/20250511.OBS103763\/poutine-propose-des-negociations-directes-avec-l-ukraine-mais-ignore-l-appel-au-cessez-le-feu.html\" data-article-key=\"20250511.OBS103763\" class=\"link--box flex-grow-1\" data-piano=\"Page_Article,Lire_aussi,,Lien1,navigation\" target=\"_blank\" rel=\"noopener\"><\/p>\n<p>                <img decoding=\"async\" src=\"data:image\/svg+xml,%3Csvg%20xmlns%3D%27http%3A%2F%2Fwww.w3.org%2F2000%2Fsvg%27%20fill%3D%22%23e4e4e4%22%20viewBox%3D%270%200%20120%2080%27%20width%3D%22120%22%20height%3D%2280%22%3E%3Cpath%20d%3D%27M0%200h120v80H0z%27%2F%3E%3C%2Fsvg%3E\"  width=\"120\" height=\"80\" loading=\"lazy\" alt=\"Vladimir Poutine, le 29\u00a0mars 2025. \"\/><\/p>\n<p class=\"latino-300r latino-lg-600m text-grey-800\">\n                    Poutine propose des n\u00e9gociations directes avec l\u2019Ukraine mais ignore l\u2019appel au cessez-le-feu        <\/p>\n<p><\/a><\/p>\n<p>    Lire\u00a0plus\u00a0tard  <\/p>\n<p>Retour au calme entre Inde et Pakistan apr\u00e8s de violentes tensions<\/p>\n<p class=\"node__paragraphe antonia-750r text-grey-800 pb-20 pb-md-30\">\nLes armes se sont tues dimanche \u00e0 la fronti\u00e8re entre l\u2019Inde et le Pakistan au lendemain du cessez-le-feu qui a mis fin \u00e0 une confrontation militaire qui a dur\u00e9 quatre jours et a \u00e9t\u00e9 la plus meurtri\u00e8re depuis des d\u00e9cennies.<\/p>\n<p class=\"node__paragraphe antonia-750r text-grey-800 pb-20 pb-md-30\">\nTout a d\u00e9marr\u00e9 mercredi avant l\u2019aube, lorsque des missiles indiens ont d\u00e9truit sur le sol pakistanais des camps cens\u00e9s abriter le groupe djihadiste que New Delhi soup\u00e7onne d\u2019avoir assassin\u00e9 26 civils le 22\u00a0avril dans sa partie du Cachemire. Le Pakistan a fermement d\u00e9menti toute implication dans l\u2019attaque et a aussit\u00f4t ripost\u00e9, replongeant les deux puissances nucl\u00e9aires rivales aux pires heures de leur dernier conflit ouvert, en\u00a01999. INde et Pakistan <a href=\"https:\/\/www.nouvelobs.com\/monde\/20250510.OBS103746\/attaques-de-drones-tirs-d-artillerie-missiles-l-inquietante-escalade-militaire-entre-l-inde-et-le-pakistan.html\" target=\"_blank\" rel=\"noopener\">ont multipli\u00e9 les attaques<\/a> de drone, les tirs d\u2019artillerie et les frappes de missiles.<\/p>\n<p class=\"node__paragraphe antonia-750r text-grey-800 pb-20 pb-md-30\">\nSelon leurs d\u00e9comptes tr\u00e8s partiels et inv\u00e9rifiables, ces combats auraient caus\u00e9 depuis mercredi la mort d\u2019une soixantaine de civils dans les deux camps.<\/p>\n<p><strong>Croix celtiques, tatouages et saluts nazis\u00a0: un millier de militants d\u2019ultradroite d\u00e9filent \u00e0 Paris<\/strong><\/p>\n<p class=\"node__paragraphe antonia-750r text-grey-800 pb-20 pb-md-30\">\nUn millier de militants d\u2019ultradroite, parmi lesquels des d\u00e9l\u00e9gations de partis n\u00e9onazis allemands ou hongrois ont manifest\u00e9 dans Paris, encadr\u00e9s et prot\u00e9g\u00e9s par les forces de l\u2019ordre, samedi 10\u00a0mai. Les militants, v\u00eatus de noir et le visage masqu\u00e9 pour dissimuler leur identit\u00e9, ont march\u00e9 entre Port-Royal et la rue des Chartreux au son de tambours, et scandant le slogan d\u2019ultradroite \u00ab\u00a0Europe Jeunesse R\u00e9volution\u00a0\u00bb. L\u2019un de ces tambours, blanc avec des flammes rouges, \u00e9tait le m\u00eame mod\u00e8le que celui des Jeunesses hitl\u00e9riennes, rapporte \u00ab\u00a0Lib\u00e9ration\u00a0\u00bb.<\/p>\n<p class=\"latino-500b text-grey-600 pb-15\">A lire aussi<\/p>\n<p><a href=\"https:\/\/www.nouvelobs.com\/politique\/20250511.OBS103771\/croix-celtiques-tatouages-et-saluts-nazis-environ-un-millier-de-militants-d-ultradroite-ont-defile-en-plein-paris.html\" data-article-key=\"20250511.OBS103771\" class=\"link--box flex-grow-1\" data-piano=\"Page_Article,Lire_aussi,,Lien2,navigation\" target=\"_blank\" rel=\"noopener\"><\/p>\n<p>                <img decoding=\"async\" src=\"data:image\/svg+xml,%3Csvg%20xmlns%3D%27http%3A%2F%2Fwww.w3.org%2F2000%2Fsvg%27%20fill%3D%22%23e4e4e4%22%20viewBox%3D%270%200%20120%2080%27%20width%3D%22120%22%20height%3D%2280%22%3E%3Cpath%20d%3D%27M0%200h120v80H0z%27%2F%3E%3C%2Fsvg%3E\"  width=\"120\" height=\"80\" loading=\"lazy\" alt=\"Manifestation de l\u2019ultradroite \u00e0 Paris, le 10\u00a0mai 2025.\"\/><\/p>\n<p class=\"latino-300r latino-lg-600m text-grey-800\">\n                    Croix celtiques, tatouages et saluts nazis&#8230; Un millier de militants d\u2019ultradroite ont d\u00e9fil\u00e9 en plein Paris        <\/p>\n<p><\/a><\/p>\n<p>    Lire\u00a0plus\u00a0tard  <\/p>\n<p class=\"node__paragraphe antonia-750r text-grey-800 pb-20 pb-md-30\">\nD\u00e9pos\u00e9e en pr\u00e9fecture par Maylis de Cibon, ancienne assistante parlementaire de plusieurs \u00e9lus du RN et militante au groupuscule Luminis, la manifestation avait initialement \u00e9t\u00e9 interdite, les autorit\u00e9s arguant d\u2019un risque de troubles \u00e0 l\u2019ordre public. Mais le tribunal administratif de Paris avait finalement suspendu cette mesure, estimant dans un jugement rendu vendredi soir que \u00ab\u00a0la m\u00eame manifestation organis\u00e9e l\u2019ann\u00e9e derni\u00e8re n\u2019avait donn\u00e9 lieu \u00e0 aucune poursuite de manifestants\u00a0\u00bb.<\/p>\n<p class=\"node__paragraphe antonia-750r text-grey-800 pb-20 pb-md-30\">\nLa contre-manifestation antifasciste avait, elle, \u00e9t\u00e9 interdite par les autorit\u00e9s.<\/p>\n<p>Retailleau s\u2019oppose \u00e0 la loi sur la fin de vie<\/p>\n<p class=\"node__paragraphe antonia-750r text-grey-800 pb-20 pb-md-30\">\nLe ministre de l\u2019Int\u00e9rieur Bruno Retailleau s\u2019oppose \u00e0 la proposition de loi sur l\u2019aide \u00e0 mourir qui sera d\u00e9battue \u00e0 partir de lundi 12\u00a0mai \u00e0 l\u2019Assembl\u00e9e nationale. Ce texte est \u00ab\u00a0profond\u00e9ment d\u00e9s\u00e9quilibr\u00e9\u00a0\u00bb et \u00ab\u00a0fait sauter tous les verrous. Ce n\u2019est pas un texte d\u2019apaisement, c\u2019est un texte de rupture anthropologique\u00a0\u00bb, <a href=\"https:\/\/www.nouvelobs.com\/societe\/20250511.OBS103766\/aide-a-mourir-retailleau-s-oppose-au-texte-line-renaud-et-gabriel-attal-le-defendent.html\" target=\"_blank\" rel=\"noopener\">affirme le ministre<\/a> Les R\u00e9publicains dans un entretien accord\u00e9 au m\u00e9dia d\u2019extr\u00eame droite le \u00ab\u00a0Journal du dimanche\u00a0\u00bb. \u00ab\u00a0Je me battrai, parce que notre soci\u00e9t\u00e9 a besoin de soins palliatifs, pas d\u2019une l\u00e9galisation de l\u2019euthanasie\u00a0\u00bb, pr\u00e9vient Bruno Retailleau, \u00e0 propos de la proposition de loi d\u00e9pos\u00e9e par Olivier Falorni (apparent\u00e9 Modem).<\/p>\n<p class=\"node__paragraphe antonia-750r text-grey-800 pb-20 pb-md-30\">\nLes d\u00e9put\u00e9s <a href=\"https:\/\/www.nouvelobs.com\/politique\/20250428.OBS103311\/les-deputes-approuvent-en-commission-un-cadre-strict-pour-l-aide-a-mourir.html\" target=\"_blank\" rel=\"noopener\">ont approuv\u00e9<\/a> fin avril la proposition de loi en commission des Affaires sociales pour permettre \u00e0 des malades avec une \u00ab\u00a0affection grave et incurable\u00a0\u00bb qui \u00ab\u00a0engage le pronostic vital, en phase avanc\u00e9e ou terminale\u00a0\u00bb et ne supportant plus leurs souffrances, de recevoir ou de s\u2019administrer une substance l\u00e9tale. Pour la ministre de la Sant\u00e9 Catherine Vautrin, l\u2019ouverture d\u2019une aide \u00e0 mourir est \u00ab\u00a0essentielle pour celles et ceux dont la souffrance (\u2026) ne peut \u00eatre soulag\u00e9e\u00a0\u00bb, assurant que cela n\u2019ouvre pas \u00ab\u00a0une rupture anthropologique\u00a0\u00bb en raison des multiples conditions fix\u00e9es.<\/p>\n<p>L\u2019appel du pape L\u00e9on XIV contre la guerre<\/p>\n<p class=\"node__paragraphe antonia-750r text-grey-800 pb-20 pb-md-30\">\n\u00ab\u00a0Plus jamais la guerre\u00a0!\u00a0\u00bb, <a href=\"https:\/\/www.nouvelobs.com\/societe\/20250511.OBS103774\/le-pape-leon-xiv-appelle-a-arreter-la-guerre.html\" target=\"_blank\" rel=\"noopener\">a d\u00e9clar\u00e9<\/a> le pape L\u00e9on XIV depuis le balcon de la basilique Saint-Pierre de Rome ce dimanche 11\u00a0mai, lors de sa premi\u00e8re allocution dominicale en tant que souverain pontife, devant plusieurs dizaines de milliers de personnes.<\/p>\n<p class=\"node__paragraphe antonia-750r text-grey-800 pb-20 pb-md-30\">\n\u00ab\u00a0Tout doit \u00eatre fait pour parvenir au plus t\u00f4t \u00e0 une paix authentique, juste et durable [en Ukraine]\u00a0\u00bb, a-t-il d\u00e9clar\u00e9, plaidant pour que \u00ab\u00a0tous les prisonniers soient lib\u00e9r\u00e9s et que les enfants puissent retourner aupr\u00e8s de leurs familles\u00a0\u00bb. Il s\u2019est \u00e9galement dit \u00ab\u00a0profond\u00e9ment attrist\u00e9 par ce qui se passe dans la bande de Gaza\u00a0\u00bb, et a appel\u00e9 \u00e0 ce \u00ab\u00a0que les hostilit\u00e9s cessent imm\u00e9diatement, que de l\u2019aide humanitaire soit apport\u00e9e \u00e0 la population civile \u00e9puis\u00e9e et que tous les otages soient lib\u00e9r\u00e9s\u00a0\u00bb. \u00ab\u00a0J\u2019ai accueilli, en revanche, avec satisfaction l\u2019annonce du cessez-le-feu entre l\u2019Inde et le Pakistan, et j\u2019esp\u00e8re qu\u2019\u00e0 travers les prochains pourparlers, un accord durable pourra \u00eatre rapidement atteint\u00a0\u00bb, a-t-il ajout\u00e9.<\/p>\n<p class=\"latino-500b text-grey-600 pb-15\">A lire aussi<\/p>\n<p><a href=\"https:\/\/www.nouvelobs.com\/monde\/20250509.OBS103727\/choisir-ce-pape-aujourd-hui-c-est-aussi-spectaculaire-que-d-elire-un-polonais-en-1978.html\" data-article-key=\"20250509.OBS103727\" class=\"link--box flex-grow-1\" data-piano=\"Page_Article,Lire_aussi,,Lien3,navigation\" target=\"_blank\" rel=\"noopener\"><\/p>\n<p>                <img decoding=\"async\" src=\"data:image\/svg+xml,%3Csvg%20xmlns%3D%27http%3A%2F%2Fwww.w3.org%2F2000%2Fsvg%27%20fill%3D%22%23e4e4e4%22%20viewBox%3D%270%200%20120%2080%27%20width%3D%22120%22%20height%3D%2280%22%3E%3Cpath%20d%3D%27M0%200h120v80H0z%27%2F%3E%3C%2Fsvg%3E\"  width=\"120\" height=\"80\" loading=\"lazy\" alt=\"Un \u00e9cran g\u00e9ant diffuse la premi\u00e8re apparition du nouveau pape L\u00e9on XIV place Saint-Pierre \u00e0 Rome le 8\u00a0mai 2025.\"\/><\/p>\n<p class=\"latino-300r latino-lg-600m text-grey-800\">\n                      <strong class=\"latino-300b latino-lg-600m text-grey-500\">Entretien\u00a0<\/strong><br \/>\n                    \u00ab\u00a0Choisir ce pape L\u00e9on XIV, c\u2019est aussi spectaculaire que d\u2019\u00e9lire un Polonais en 1978\u00a0!\u00a0\u00bb        <\/p>\n<p><\/a><\/p>\n<p>    Lire\u00a0plus\u00a0tard  <\/p>\n","protected":false},"excerpt":{"rendered":"Par\u00a0 Le Nouvel Obs Publi\u00e9 le 11 mai 2025 \u00e0 19h02, mis \u00e0 jour le 11 mai 2025&hellip;\n","protected":false},"author":2,"featured_media":92850,"comment_status":"","ping_status":"","sticky":false,"template":"","format":"standard","meta":{"footnotes":""},"categories":[1590],"tags":[17,11,7431,1777,674,1146,74,20509,12,2403,12672,626,104,220],"class_list":{"0":"post-92849","1":"post","2":"type-post","3":"status-publish","4":"format-standard","5":"has-post-thumbnail","7":"category-ukraine","8":"tag-17","9":"tag-actualites","10":"tag-appel","11":"tag-eu","12":"tag-europe","13":"tag-guerre","14":"tag-monde","15":"tag-neonazis","16":"tag-news","17":"tag-paix","18":"tag-pape","19":"tag-paris","20":"tag-societe","21":"tag-ukraine"},"share_on_mastodon":{"url":"https:\/\/pubeurope.com\/@fr\/114491704326361064","error":""},"_links":{"self":[{"href":"https:\/\/www.europesays.com\/fr\/wp-json\/wp\/v2\/posts\/92849","targetHints":{"allow":["GET"]}}],"collection":[{"href":"https:\/\/www.europesays.com\/fr\/wp-json\/wp\/v2\/posts"}],"about":[{"href":"https:\/\/www.europesays.com\/fr\/wp-json\/wp\/v2\/types\/post"}],"author":[{"embeddable":true,"href":"https:\/\/www.europesays.com\/fr\/wp-json\/wp\/v2\/users\/2"}],"replies":[{"embeddable":true,"href":"https:\/\/www.europesays.com\/fr\/wp-json\/wp\/v2\/comments?post=92849"}],"version-history":[{"count":0,"href":"https:\/\/www.europesays.com\/fr\/wp-json\/wp\/v2\/posts\/92849\/revisions"}],"wp:featuredmedia":[{"embeddable":true,"href":"https:\/\/www.europesays.com\/fr\/wp-json\/wp\/v2\/media\/92850"}],"wp:attachment":[{"href":"https:\/\/www.europesays.com\/fr\/wp-json\/wp\/v2\/media?parent=92849"}],"wp:term":[{"taxonomy":"category","embeddable":true,"href":"https:\/\/www.europesays.com\/fr\/wp-json\/wp\/v2\/categories?post=92849"},{"taxonomy":"post_tag","embeddable":true,"href":"https:\/\/www.europesays.com\/fr\/wp-json\/wp\/v2\/tags?post=92849"}],"curies":[{"name":"wp","href":"https:\/\/api.w.org\/{rel}","templated":true}]}}