{"id":92892,"date":"2025-05-11T23:30:10","date_gmt":"2025-05-11T23:30:10","guid":{"rendered":"https:\/\/www.europesays.com\/fr\/92892\/"},"modified":"2025-05-11T23:30:10","modified_gmt":"2025-05-11T23:30:10","slug":"je-viens-malheureusement-dapprendre-ma-mort","status":"publish","type":"post","link":"https:\/\/www.europesays.com\/fr\/92892\/","title":{"rendered":"\u00ab Je viens malheureusement d\u2019apprendre\u2026 ma mort \u00bb"},"content":{"rendered":"<p><a data-i13n=\"cpos:1;pos:1\" href=\"https:\/\/www.parismatch.com\/bio\/dany-boon\" rel=\"nofollow noopener\" target=\"_blank\" data-ylk=\"slk:Dany Boon;cpos:1;pos:1;elm:context_link;itc:0;sec:content-canvas\" class=\"link \">Dany Boon<\/a> va bien et reprendra sa tourn\u00e9e jeudi\u2026 \u00e0 bord d\u2019une autre voiture. L\u2019humoriste a r\u00e9agi avec humour aux nouvelles bien s\u00fbr fausses sur sa pr\u00e9tendue mort. \u00ab Je viens malheureusement d\u2019apprendre\u2026 ma mort \u00bb, a-t-il annonc\u00e9 sur Instagram. \u00ab C\u2019est toujours les meilleurs qui partent en premier \u00bb, a-t-il ajout\u00e9, expliquant \u00eatre \u00ab \u00e0 mort dans le d\u00e9ni ou dans le d\u00e9ni de (sa) mort, ou les deux \u00bb. \u00ab Je suis pour le don d\u2019organes \u00bb, a-t-il admis, tout en demandant d\u2019attendre \u00ab juste un tout petit peu avant de les pr\u00e9lever \u00bb.<\/p>\n<p>\u00ab Que des d\u00e9g\u00e2ts mat\u00e9riels \u00bb<\/p>\n<p>Sur un ton plus s\u00e9rieux, il est revenu sur l\u2019accident de voiture dont il a \u00e9t\u00e9 victime lundi dernier. \u00ab M\u00e9fiez-vous des fake news, je vais tr\u00e8s tr\u00e8s bien. J\u2019ai eu effectivement un accident de voiture sur l\u2019autoroute A4 \u00bb, a-t-il expliqu\u00e9, avant de remercier les pompiers de Metz, ainsi que les gendarmes et le personnel des urgences de l\u2019h\u00f4pital de Metz. \u00ab Tout va bien. Cela arrive parfois d\u2019avoir un accident. Ce n\u2019\u00e9tait que des d\u00e9g\u00e2ts mat\u00e9riels \u00bb, a-t-il encore d\u00e9crit.<\/p>\n<p>Lundi 5 mai, alors qu\u2019il revenait d\u2019une sortie familiale \u00e0 Europa-Park, en Allemagne, Dany Boon a \u00e9t\u00e9 victime d\u2019un accident de voiture sur l\u2019autoroute A4, au niveau de la commune de Varize, pr\u00e8s de Metz, selon les informations du journal local \u00ab <a data-i13n=\"cpos:2;pos:1\" href=\"https:\/\/www.republicain-lorrain.fr\/faits-divers-justice\/2025\/05\/09\/dany-boon-victime-d-un-accident-sur-l-autoroute-a4\" rel=\"nofollow noopener\" target=\"_blank\" data-ylk=\"slk:R\u00e9publicain Lorrain;cpos:2;pos:1;elm:context_link;itc:0;sec:content-canvas\" class=\"link \">R\u00e9publicain Lorrain<\/a> \u00bb. Seul \u00e0 bord de sa voiture, le <a data-i13n=\"cpos:3;pos:1\" href=\"https:\/\/www.parismatch.com\/people\/dany-boon-son-fils-eytan-photographie-pour-ses-19-ans-238977\" rel=\"nofollow noopener\" target=\"_blank\" data-ylk=\"slk:p\u00e8re ...;cpos:3;pos:1;elm:context_link;itc:0;sec:content-canvas\" class=\"link \">p\u00e8re &#8230;<\/a><\/p>\n<p><a data-i13n=\"cpos:4;pos:1\" href=\"https:\/\/www.parismatch.com\/People\/dany-boon-reagit-avec-humour-a-lannonce-de-sa-mort-je-suis-pour-le-don-dorganes-mais-attendez-avant-de-les-prelever-251242?at_medium=affiliate&amp;at_campaign=Yahoo\" rel=\"nofollow noopener\" target=\"_blank\" data-ylk=\"slk:Lire la suite sur ParisMatch;cpos:4;pos:1;elm:context_link;itc:0;sec:content-canvas\" class=\"link \">Lire la suite sur ParisMatch<\/a><\/p>\n","protected":false},"excerpt":{"rendered":"Dany Boon va bien et reprendra sa tourn\u00e9e jeudi\u2026 \u00e0 bord d\u2019une autre voiture. L\u2019humoriste a r\u00e9agi avec&hellip;\n","protected":false},"author":2,"featured_media":92893,"comment_status":"","ping_status":"","sticky":false,"template":"","format":"standard","meta":{"footnotes":""},"categories":[8],"tags":[17146,20520,58,59,1011,27,18],"class_list":{"0":"post-92892","1":"post","2":"type-post","3":"status-publish","4":"format-standard","5":"has-post-thumbnail","7":"category-divertissement","8":"tag-dany-boon","9":"tag-degats-materiels","10":"tag-divertissement","11":"tag-entertainment","12":"tag-fr","13":"tag-france","14":"tag-mort"},"share_on_mastodon":{"url":"https:\/\/pubeurope.com\/@fr\/114491806465364497","error":""},"_links":{"self":[{"href":"https:\/\/www.europesays.com\/fr\/wp-json\/wp\/v2\/posts\/92892","targetHints":{"allow":["GET"]}}],"collection":[{"href":"https:\/\/www.europesays.com\/fr\/wp-json\/wp\/v2\/posts"}],"about":[{"href":"https:\/\/www.europesays.com\/fr\/wp-json\/wp\/v2\/types\/post"}],"author":[{"embeddable":true,"href":"https:\/\/www.europesays.com\/fr\/wp-json\/wp\/v2\/users\/2"}],"replies":[{"embeddable":true,"href":"https:\/\/www.europesays.com\/fr\/wp-json\/wp\/v2\/comments?post=92892"}],"version-history":[{"count":0,"href":"https:\/\/www.europesays.com\/fr\/wp-json\/wp\/v2\/posts\/92892\/revisions"}],"wp:featuredmedia":[{"embeddable":true,"href":"https:\/\/www.europesays.com\/fr\/wp-json\/wp\/v2\/media\/92893"}],"wp:attachment":[{"href":"https:\/\/www.europesays.com\/fr\/wp-json\/wp\/v2\/media?parent=92892"}],"wp:term":[{"taxonomy":"category","embeddable":true,"href":"https:\/\/www.europesays.com\/fr\/wp-json\/wp\/v2\/categories?post=92892"},{"taxonomy":"post_tag","embeddable":true,"href":"https:\/\/www.europesays.com\/fr\/wp-json\/wp\/v2\/tags?post=92892"}],"curies":[{"name":"wp","href":"https:\/\/api.w.org\/{rel}","templated":true}]}}