{"id":92898,"date":"2025-05-11T23:33:11","date_gmt":"2025-05-11T23:33:11","guid":{"rendered":"https:\/\/www.europesays.com\/fr\/92898\/"},"modified":"2025-05-11T23:33:11","modified_gmt":"2025-05-11T23:33:11","slug":"si-les-americains-mettent-la-pression-sur-netanyahou-cest-fini-pour-lui-liberation","status":"publish","type":"post","link":"https:\/\/www.europesays.com\/fr\/92898\/","title":{"rendered":"\u00abSi les Am\u00e9ricains mettent la pression sur N\u00e9tanyahou, c\u2019est fini pour lui\u00bb \u2013 Lib\u00e9ration"},"content":{"rendered":"<p class=\"sc-ksZaOG ehjQrN text-element\">Chercheur associ\u00e9 au programme Turquie-Moyen-Orient de l\u2019Institut fran\u00e7ais des relations internationales, <a href=\"https:\/\/www.liberation.fr\/international\/en-irak-les-scenarios-les-plus-noirs-nous-attendent-20210827_6JETFY6B5RGAZKJI7O2N2XEWVY\/\" target=\"_blank\" rel=\"nofollow noopener\" title=\"https:\/\/www.liberation.fr\/international\/en-irak-les-scenarios-les-plus-noirs-nous-attendent-20210827_6JETFY6B5RGAZKJI7O2N2XEWVY\/\">Adel Bakawan<\/a> dirige le nouveau centre de recherche European Institute for Studies on the Middle East, \u00e0 Paris. Le sociologue, qui vient de publier la D\u00e9composition du Moyen-Orient (Editions Tallandier), consid\u00e8re comme \u00abtr\u00e8s importante\u00bb la visite de Donald Trump en Arabie Saoudite (avant le Qatar et les Emirats arabes unis), devenue la principale puissance r\u00e9gionale. Et qui ne peut envisager de normalisation de ses relations avec Isra\u00ebl tant que la guerre \u00e0 Gaza se poursuit et \u00absans une perspective s\u00e9rieuse pour la question palestinienne\u00bb.<\/p>\n<p class=\"sc-ksZaOG ehjQrN text-element\"><b>Pourquoi Donald Trump entame-t-il son voyage au Moyen-Orient par l\u2019Arabie Saoudite ?<\/b><\/p>\n<p class=\"sc-ksZaOG ehjQrN text-element\">Il a compris que l\u2019Arabie Saoudite est aujourd\u2019hui au centre de toutes les gravit\u00e9s au Moyen-Orient. L\u2019histoire de la r\u00e9gion se fait aujourd\u2019hui l\u00e0-bas, et non pas aux Emirats, en Irak, en Syrie ou au Liban. Comme dans les ann\u00e9es 1960, elle se faisait en Egypte, avec <a href=\"https:\/\/www.liberation.fr\/planete\/2000\/10\/28\/l-egypte-a-le-mal-de-nasser_342315\/\" target=\"_blank\" rel=\"nofollow noopener\" title=\"https:\/\/www.liberation.fr\/planete\/2000\/10\/28&lt;\/p&gt;&lt;\/div&gt;&lt;\/article&gt;&lt;\/div&gt;&lt;div data-fusion-lazy-id=\" f0f8vgvlad832fw=\"\"><\/p>\n","protected":false},"excerpt":{"rendered":"Chercheur associ\u00e9 au programme Turquie-Moyen-Orient de l\u2019Institut fran\u00e7ais des relations internationales, Adel Bakawan dirige le nouveau centre de&hellip;\n","protected":false},"author":2,"featured_media":92899,"comment_status":"","ping_status":"","sticky":false,"template":"","format":"standard","meta":{"footnotes":""},"categories":[5],"tags":[11,4947,952,75,1011,27,3522,14,20521,12,28],"class_list":{"0":"post-92898","1":"post","2":"type-post","3":"status-publish","4":"format-standard","5":"has-post-thumbnail","7":"category-international","8":"tag-actualites","9":"tag-arabie-saoudite","10":"tag-benyamin-netanyahou","11":"tag-donald-trump","12":"tag-fr","13":"tag-france","14":"tag-guerre-hamas-israel","15":"tag-international","16":"tag-mohamed-ben-salmane","17":"tag-news","18":"tag-world"},"share_on_mastodon":{"url":"https:\/\/pubeurope.com\/@fr\/114491818255787430","error":""},"_links":{"self":[{"href":"https:\/\/www.europesays.com\/fr\/wp-json\/wp\/v2\/posts\/92898","targetHints":{"allow":["GET"]}}],"collection":[{"href":"https:\/\/www.europesays.com\/fr\/wp-json\/wp\/v2\/posts"}],"about":[{"href":"https:\/\/www.europesays.com\/fr\/wp-json\/wp\/v2\/types\/post"}],"author":[{"embeddable":true,"href":"https:\/\/www.europesays.com\/fr\/wp-json\/wp\/v2\/users\/2"}],"replies":[{"embeddable":true,"href":"https:\/\/www.europesays.com\/fr\/wp-json\/wp\/v2\/comments?post=92898"}],"version-history":[{"count":0,"href":"https:\/\/www.europesays.com\/fr\/wp-json\/wp\/v2\/posts\/92898\/revisions"}],"wp:featuredmedia":[{"embeddable":true,"href":"https:\/\/www.europesays.com\/fr\/wp-json\/wp\/v2\/media\/92899"}],"wp:attachment":[{"href":"https:\/\/www.europesays.com\/fr\/wp-json\/wp\/v2\/media?parent=92898"}],"wp:term":[{"taxonomy":"category","embeddable":true,"href":"https:\/\/www.europesays.com\/fr\/wp-json\/wp\/v2\/categories?post=92898"},{"taxonomy":"post_tag","embeddable":true,"href":"https:\/\/www.europesays.com\/fr\/wp-json\/wp\/v2\/tags?post=92898"}],"curies":[{"name":"wp","href":"https:\/\/api.w.org\/{rel}","templated":true}]}}