{"id":9292,"date":"2025-04-08T03:34:30","date_gmt":"2025-04-08T03:34:30","guid":{"rendered":"https:\/\/www.europesays.com\/fr\/9292\/"},"modified":"2025-04-08T03:34:30","modified_gmt":"2025-04-08T03:34:30","slug":"le-rn-et-la-gauche-dans-la-rue-a-paris-une-video-dement-les-dires-de-tsahal-a-gaza-le-psg-champion-de-france-lactu-de-ce-week-end-des-5-et-6-avril-liberation","status":"publish","type":"post","link":"https:\/\/www.europesays.com\/fr\/9292\/","title":{"rendered":"Le RN et la gauche dans la rue \u00e0 Paris, une vid\u00e9o d\u00e9ment les dires de Tsahal \u00e0 Gaza, le PSG champion de France\u2026 L\u2019actu de ce week-end des 5 et 6\u00a0avril \u2013 Lib\u00e9ration"},"content":{"rendered":"<p class=\"sc-cPiKLX AiZTS text-element\">Chaque soir, la r\u00e9daction de Lib\u00e9 s\u00e9lectionne les actualit\u00e9s du jour qu\u2019il ne fallait pas rater en France et dans le reste du monde.<\/p>\n<p class=\"sc-cPiKLX AiZTS text-element\">A l\u2019appel de diverses organisations de jeunesse, des \u00e9cologistes et des insoumis, plusieurs milliers de personnes se sont rassembl\u00e9es ce dimanche 6\u00a0avril place de la R\u00e9publique pour \u00abd\u00e9fendre l\u2019Etat de droit\u00bb apr\u00e8s les remous post-condamnation de Marine Le Pen. <a href=\"https:\/\/www.liberation.fr\/societe\/on-ne-pouvait-pas-se-permettre-de-ne-rien-faire-face-aux-fachos-a-paris-la-gauche-vient-soutenir-la-justice-face-a-le-pen-20250406_IJOBXQF5UBHU3F2TP5TUQZQ4TA\/\" target=\"_blank\" rel=\"noopener\">Reportage.<\/a><\/p>\n<p class=\"sc-cPiKLX AiZTS text-element\">Les partisans du RN se sont mollement mobilis\u00e9s dimanche pour Marine Le Pen, sans faire le plein au pied des Invalides. La pourtant modeste place Vauban, dans le VIIe arrondissement de Paris, \u00e9tait loin d\u2019\u00eatre remplie par les 7\u00a0000 militants (selon la police, 10\u00a0000 selon le RN) venus soutenir Marine Le Pen, condamn\u00e9e \u00e0 cinq\u00a0ans d\u2019in\u00e9ligibilit\u00e9 avec ex\u00e9cution provisoire dans l\u2019affaire des assistants parlementaires fictifs du RN \u2013 et donc emp\u00each\u00e9e, pour l\u2019heure, de se pr\u00e9senter \u00e0 tout scrutin. <a href=\"https:\/\/www.liberation.fr\/politique\/en-direct-manifestation-en-soutien-a-marine-le-pen-le-rn-veut-montrer-ses-muscles-place-vauban-la-gauche-riposte-place-de-la-republique-20250406_ZWR3TRZWFNAYTJK5CH3F7IMVPI\/\" target=\"_blank\" rel=\"noopener\">Notre live de cette journ\u00e9e politique.<\/a><\/p>\n<p class=\"sc-cPiKLX AiZTS text-element\">Le Croissant-Rouge a rendu publiques samedi 5\u00a0avril <a href=\"https:\/\/www.liberation.fr\/international\/moyen-orient\/gaza-une-video-dement-la-version-israelienne-sur-la-mort-de-15-secouristes-palestiniens-20250405_D3C7LPKS2JGRFBGCZAETYDJYLI\/\" target=\"_blank\" rel=\"noopener\">des images qui montrent les derni\u00e8res minutes des 15 membres du personnel m\u00e9dical<\/a>, parfaitement identifiables, tu\u00e9s le 23\u00a0mars par Tsahal alors qu\u2019ils se rendaient en mission. La vid\u00e9o a \u00e9t\u00e9 r\u00e9cup\u00e9r\u00e9e par l\u2019ONG sur le t\u00e9l\u00e9phone portable d\u2019un secouriste. L\u2019arm\u00e9e isra\u00e9lienne avait annonc\u00e9 le 3\u00a0avril enqu\u00eater sur \u00abl\u2019incident\u00bb, tout en affirmant que ses soldats avaient tir\u00e9 sur des \u00abterroristes\u00bb et des \u00abv\u00e9hicules suspects\u00bb qui avan\u00e7aient vers eux tous feux \u00e9teints, sans en avoir pr\u00e9alablement inform\u00e9 les autorit\u00e9s isra\u00e9liennes.<\/p>\n<p class=\"sc-cPiKLX AiZTS text-element\">Le <a href=\"https:\/\/www.liberation.fr\/international\/asie-pacifique\/seisme-en-birmanie-plus-de-3-300-morts-linde-continue-ses-livraisons-daide-humanitaire-20250405_OOYGWJTA4JCJHIT2A7TYQO327E\/\" target=\"_blank\" rel=\"noopener\">d\u00e9compte<\/a> ne cesse de s\u2019alourdir. <a href=\"https:\/\/www.liberation.fr\/international\/asie-pacifique\/seisme-en-birmanie-un-test-politique-et-humanitaire-pour-la-junte-au-pouvoir-20250328_BUXPM6EPJVAARA6F7HKJMWHZH4\/\" target=\"_blank\" rel=\"noopener\">Le puissant s\u00e9isme<\/a> de magnitude 7,7 qui a frapp\u00e9 la Birmanie le 28\u00a0mars a fait 3\u00a0354 morts, selon les derni\u00e8res annonces ce samedi des m\u00e9dias d\u2019Etat samedi 5\u00a0avril. Le tremblement de terre, qui a <a href=\"https:\/\/www.liberation.fr\/international\/asie-pacifique\/nous-sommes-tres-inquiets-de-la-situation-a-mandalay-des-secouristes-francais-a-loeuvre-apres-le-seisme-en-birmanie-20250329_RFQKNASHYBHX3BBEODK26W6K3A\/\" target=\"_blank\" rel=\"noopener\">pulv\u00e9ris\u00e9 des immeubles<\/a> et d\u00e9truit des infrastructures <a href=\"https:\/\/www.liberation.fr\/international\/asie-pacifique\/un-puissant-seisme-en-birmanie-des-secousses-ressenties-en-thailande-et-en-chine-20250328_UCIV27MRRVGKLEN7LFGZTZJXG4\/\" target=\"_blank\" rel=\"noopener\">\u00e0 travers tout le pays<\/a>, a \u00e9galement fait 4\u00a0508 bless\u00e9s, et 220 personnes restent port\u00e9es disparues, selon la m\u00eame source. De son c\u00f4t\u00e9, l\u2019Inde continue d\u2019acheminer de l\u2019aide humanitaire \u00e0 son voisin sinistr\u00e9.<\/p>\n<p class=\"sc-cPiKLX AiZTS text-element\">Nouvelle affaire de violences sexuelles \u00e0 Hollywood. Paul Schrader, 78\u00a0ans, notamment connu pour \u00eatre le sc\u00e9nariste de Taxi Driver et le r\u00e9alisateur d\u2019American Gigolo, est vis\u00e9 par une plainte d\u00e9pos\u00e9e \u00e0 New York par son ancienne assistante personnelle. La femme de 26\u00a0ans, appel\u00e9e Jane Doe pour pr\u00e9server son anonymat, accuse l\u2019homme de harc\u00e8lement sexuel et d\u2019agression sexuelle, <a href=\"https:\/\/www.liberation.fr\/societe\/droits-des-femmes\/paul-schrader-scenariste-de-taxi-driver-accuse-dagression-sexuelle-par-une-ancienne-assistante-20250406_O36EJV6OZJAELCG5UEFIY4W7O4\/\" target=\"_blank\" rel=\"noopener\">a-t-on appris dans la presse am\u00e9ricaine samedi 5\u00a0avril.<\/a><\/p>\n<p class=\"sc-cPiKLX AiZTS text-element\">Apr\u00e8s avoir <a href=\"https:\/\/www.liberation.fr\/sports\/football\/seul-au-monde-en-ligue-1-un-psg-rajeuni-et-enthousiasmant-vise-desormais-leurope-20250406_IUQVSOJGWBEDJCVA4NVOPJX664\/\" target=\"_blank\" rel=\"noopener\">officialis\u00e9 samedi son treizi\u00e8me titre de champion de France,<\/a> le club de la capitale, qui donne une impression de fra\u00eecheur rarement vue ces derni\u00e8res ann\u00e9es, va passer au r\u00e9v\u00e9lateur de la Ligue des champions face \u00e0 Aston Villa mercredi.<\/p>\n<p class=\"sc-cPiKLX AiZTS text-element\">Rattrap\u00e9 par des soup\u00e7ons<a href=\"https:\/\/www.liberation.fr\/societe\/police-justice\/abus-de-biens-sociaux-lhomme-daffaires-michel-ohayon-ex-proprietaire-de-camaieu-et-go-sport-place-en-garde-a-vue-20250402_RATG3SJXKVA5DLEFGLTOL2YSVY\/?redirected=1\" target=\"_blank\" rel=\"noopener\"> de d\u00e9tournement de fonds<\/a> des soci\u00e9t\u00e9s Go Sport, Gap France et <a href=\"https:\/\/www.liberation.fr\/economie\/social\/il-va-falloir-quil-paye-pour-ce-quil-nous-a-fait-les-salaries-de-camaieu-se-battent-pour-obtenir-des-indemnites-20221004_6RCUV3YFDJDJ7AUBRG4VB3TOOY\/\" target=\"_blank\" rel=\"noopener\">Cama\u00efeu<\/a>, l\u2019homme d\u2019affaires bordelais <a href=\"https:\/\/www.liberation.fr\/economie\/apres-camaieu-et-go-sport-la-fib-principale-societe-de-lhomme-daffaires-michel-ohayon-placee-en-redressement-judiciaire-20230216_SWER4UKP6RB57ESF56CCRG3HXE\/\" target=\"_blank\" rel=\"noopener\">Michel Ohayon<\/a> a \u00e9t\u00e9 mis en examen vendredi pour \u00abbanqueroute, abus de biens sociaux et escroqueries en bande organis\u00e9e\u00bb, <a href=\"https:\/\/www.liberation.fr\/societe\/police-justice\/lex-proprietaire-de-camaieu-et-go-sport-michel-ohayon-mis-en-examen-pour-abus-de-biens-sociaux-20250405_ORPLOFMOSVAFRKUEAA5AJNFFSE\/\" target=\"_blank\" rel=\"noopener\">a annonc\u00e9 samedi 5\u00a0avril le parquet de Paris<\/a>. Il a \u00e9t\u00e9 plac\u00e9 sous contr\u00f4le judiciaire, avec l\u2019interdiction de diriger ou de g\u00e9rer une soci\u00e9t\u00e9 de quelque moyen que ce soit et l\u2019obligation de verser au tribunal un cautionnement de 500\u00a0000\u00a0euros, selon la m\u00eame source.<\/p>\n<p class=\"sc-cPiKLX AiZTS text-element\"><a href=\"https:\/\/www.liberation.fr\/economie\/social\/greve-sncf-un-collectif-de-controleurs-soutient-le-mouvement-social-le-week-end-du-8-mai-20250405_CURLR64W2NCB3MLTF4WRCMZVTM\/\" target=\"_blank\" rel=\"noopener\">Le CNA a annonc\u00e9 ce samedi 5\u00a0avril qu\u2019il soutient la gr\u00e8ve<\/a> du 9 au 11\u00a0mai lanc\u00e9e par le syndicat SUD rail pour d\u00e9noncer les conditions de travail des agents et exiger une revalorisation salariale.<\/p>\n<p class=\"sc-cPiKLX AiZTS text-element\"><b>Laura Loomer, l\u2019influenceuse complotiste et islamophobe qui a ses entr\u00e9es dans le Bureau ovale de Trump<\/b><\/p>\n<p class=\"sc-cPiKLX AiZTS text-element\">Suspect\u00e9e d\u2019\u00eatre derri\u00e8re le limogeage du patron de l\u2019agence de renseignement NSA, jeudi 3\u00a0avril, cette personnalit\u00e9 de l\u2019extr\u00eame droite aux Etats-Unis prend du galon au sein de la garde rapproch\u00e9e du pr\u00e9sident am\u00e9ricain. <a href=\"https:\/\/www.liberation.fr\/international\/amerique\/laura-loomer-linfluenceuse-complotiste-et-islamophobe-qui-a-ses-entrees-dans-le-bureau-ovale-de-trump-20250405_RJEZ3DTRCBFNPOIC75JIWSJCHU\/\" target=\"_blank\" rel=\"noopener\">Lire le profil<\/a>.<\/p>\n<p class=\"sc-cPiKLX AiZTS text-element\"><b>Appel, Cassation, QPC\u2026 Apr\u00e8s sa condamnation, quels sont les sc\u00e9narios judiciaires pour Marine Le Pen d\u2019ici \u00e0 la pr\u00e9sidentielle de\u00a02027\u00a0?<\/b><\/p>\n<p class=\"sc-cPiKLX AiZTS text-element\">Condamn\u00e9e lundi 31\u00a0mars \u00e0 une peine d\u2019in\u00e9ligibilit\u00e9 de cinq\u00a0ans avec effet imm\u00e9diat, la cheffe des d\u00e9put\u00e9s RN a indiqu\u00e9 ne pas vouloir se laisser \u00ab\u00e9liminer\u00bb, et ainsi utiliser toutes les voies de recours possibles. <a href=\"https:\/\/www.liberation.fr\/politique\/appel-cassation-qpc-apres-sa-condamnation-quels-sont-les-scenarios-judiciaires-pour-marine-le-pen-dici-a-la-presidentielle-de-2027-20250405_WHAJ5NHXARGSDEVF2IWAJ7RD4M\/\" target=\"_blank\" rel=\"noopener\">Lire le d\u00e9cryptage<\/a>.<\/p>\n<p class=\"sc-cPiKLX AiZTS text-element\"><b>Retour des beaux jours\u00a0: \u00abDans un contexte pareil, ce petit \u00e9l\u00e9ment de joie est per\u00e7u de fa\u00e7on encore plus intense\u00bb<\/b><\/p>\n<p class=\"sc-cPiKLX AiZTS text-element\">Le psychologue Fabrice Bak explique les raisons physiologiques du bien-\u00eatre li\u00e9 \u00e0 la r\u00e9apparition du soleil. Selon lui, le contexte anxiog\u00e8ne actuel favorise la survalorisation du printemps. <a href=\"https:\/\/www.liberation.fr\/societe\/sante\/retour-des-beaux-jours-dans-un-contexte-pareil-ce-petit-element-de-joie-est-percu-de-facon-encore-plus-intense-20250405_3JKZVRRQLZBIDEY7NHDIUUIW7Y\/\" target=\"_blank\" rel=\"noopener\">Lire l\u2019interview<\/a>.<\/p>\n","protected":false},"excerpt":{"rendered":"Chaque soir, la r\u00e9daction de Lib\u00e9 s\u00e9lectionne les actualit\u00e9s du jour qu\u2019il ne fallait pas rater en France&hellip;\n","protected":false},"author":2,"featured_media":9293,"comment_status":"","ping_status":"","sticky":false,"template":"","format":"standard","meta":{"footnotes":""},"categories":[1888],"tags":[11,4703,1777,674,1011,27,3517,430,12,626,93,4702,25],"class_list":{"0":"post-9292","1":"post","2":"type-post","3":"status-publish","4":"format-standard","5":"has-post-thumbnail","7":"category-paris","8":"tag-actualites","9":"tag-birmanie","10":"tag-eu","11":"tag-europe","12":"tag-fr","13":"tag-france","14":"tag-gaza-l-escalade","15":"tag-marine-le-pen","16":"tag-news","17":"tag-paris","18":"tag-psg","19":"tag-recap-actu","20":"tag-republique-francaise"},"share_on_mastodon":{"url":"https:\/\/pubeurope.com\/@fr\/114300247240473229","error":""},"_links":{"self":[{"href":"https:\/\/www.europesays.com\/fr\/wp-json\/wp\/v2\/posts\/9292","targetHints":{"allow":["GET"]}}],"collection":[{"href":"https:\/\/www.europesays.com\/fr\/wp-json\/wp\/v2\/posts"}],"about":[{"href":"https:\/\/www.europesays.com\/fr\/wp-json\/wp\/v2\/types\/post"}],"author":[{"embeddable":true,"href":"https:\/\/www.europesays.com\/fr\/wp-json\/wp\/v2\/users\/2"}],"replies":[{"embeddable":true,"href":"https:\/\/www.europesays.com\/fr\/wp-json\/wp\/v2\/comments?post=9292"}],"version-history":[{"count":0,"href":"https:\/\/www.europesays.com\/fr\/wp-json\/wp\/v2\/posts\/9292\/revisions"}],"wp:featuredmedia":[{"embeddable":true,"href":"https:\/\/www.europesays.com\/fr\/wp-json\/wp\/v2\/media\/9293"}],"wp:attachment":[{"href":"https:\/\/www.europesays.com\/fr\/wp-json\/wp\/v2\/media?parent=9292"}],"wp:term":[{"taxonomy":"category","embeddable":true,"href":"https:\/\/www.europesays.com\/fr\/wp-json\/wp\/v2\/categories?post=9292"},{"taxonomy":"post_tag","embeddable":true,"href":"https:\/\/www.europesays.com\/fr\/wp-json\/wp\/v2\/tags?post=9292"}],"curies":[{"name":"wp","href":"https:\/\/api.w.org\/{rel}","templated":true}]}}