{"id":92920,"date":"2025-05-11T23:48:09","date_gmt":"2025-05-11T23:48:09","guid":{"rendered":"https:\/\/www.europesays.com\/fr\/92920\/"},"modified":"2025-05-11T23:48:09","modified_gmt":"2025-05-11T23:48:09","slug":"previsions-du-lundi-12-mai-2025-2","status":"publish","type":"post","link":"https:\/\/www.europesays.com\/fr\/92920\/","title":{"rendered":"pr\u00e9visions du lundi 12 mai 2025"},"content":{"rendered":"<p>\u00c0 Rennes, la journ\u00e9e va rester grise \u00e0 cause de nuages qui se maintiennent dans le ciel. Les temp\u00e9ratures seront de 13\u00b0C. On observera la pr\u00e9sence persistante de nuages le matin. Il va pleuvoir. Un vent de sud-est soufflera l\u00e9g\u00e8rement, avec 16 km\/h. La m\u00e9t\u00e9o sera mitig\u00e9e dans l&rsquo;apr\u00e8s-midi avec de petites averses. Les valeurs iront de 15 \u00e0 17\u00b0C. Un vent de sud, enregistrant 23 km\/h, soufflera. Des pluies \u00e9parses vont tomber tout au long de la soir\u00e9e. On pr\u00e9voit des temp\u00e9ratures avoisinant 13\u00b0C. Une nuit brumeuse vous attendra entre lundi et mardi.<\/p>\n<p>Toujours de la grisaille demain. Les nuages vont s&rsquo;attarder sur Rennes. Du mauvais temps est \u00e0 pr\u00e9voir. Des pluies \u00e9parses vont tomber. Le thermom\u00e8tre affichera 13\u00b0C en moyenne. Une petite brise de sud-est sera ressentie par les habitants. Le matin, le soleil risque d&rsquo;\u00eatre dissimul\u00e9 par des nuages. D&rsquo;un autre c\u00f4t\u00e9, les temp\u00e9ratures vont conna\u00eetre une augmentation de quelques degr\u00e9s au cours de l&rsquo;apr\u00e8s-midi. La grisaille ne se dissipe toujours pas, il y aura encore des nuages demain soir. Il faudra pr\u00e9voir des perturbations, les Rennais se retrouveront sous des pluies \u00e9parses.<\/p>\n<p>La m\u00e9t\u00e9o des journ\u00e9es qui suivent va \u00e9voluer progressivement. Apr\u00e8s un temps similaire mercredi, la situation changera jeudi.<\/p>\n<p><\/p>\n","protected":false},"excerpt":{"rendered":"\u00c0 Rennes, la journ\u00e9e va rester grise \u00e0 cause de nuages qui se maintiennent dans le ciel. Les&hellip;\n","protected":false},"author":2,"featured_media":92921,"comment_status":"","ping_status":"","sticky":false,"template":"","format":"standard","meta":{"footnotes":""},"categories":[2821],"tags":[1111,11,829,1777,674,1011,27,848,12,2119,584,25],"class_list":{"0":"post-92920","1":"post","2":"type-post","3":"status-publish","4":"format-standard","5":"has-post-thumbnail","7":"category-rennes","8":"tag-actu","9":"tag-actualites","10":"tag-bretagne","11":"tag-eu","12":"tag-europe","13":"tag-fr","14":"tag-france","15":"tag-ille-et-vilaine","16":"tag-news","17":"tag-previsions-meteo","18":"tag-rennes","19":"tag-republique-francaise"},"share_on_mastodon":{"url":"https:\/\/pubeurope.com\/@fr\/114491877164312834","error":""},"_links":{"self":[{"href":"https:\/\/www.europesays.com\/fr\/wp-json\/wp\/v2\/posts\/92920","targetHints":{"allow":["GET"]}}],"collection":[{"href":"https:\/\/www.europesays.com\/fr\/wp-json\/wp\/v2\/posts"}],"about":[{"href":"https:\/\/www.europesays.com\/fr\/wp-json\/wp\/v2\/types\/post"}],"author":[{"embeddable":true,"href":"https:\/\/www.europesays.com\/fr\/wp-json\/wp\/v2\/users\/2"}],"replies":[{"embeddable":true,"href":"https:\/\/www.europesays.com\/fr\/wp-json\/wp\/v2\/comments?post=92920"}],"version-history":[{"count":0,"href":"https:\/\/www.europesays.com\/fr\/wp-json\/wp\/v2\/posts\/92920\/revisions"}],"wp:featuredmedia":[{"embeddable":true,"href":"https:\/\/www.europesays.com\/fr\/wp-json\/wp\/v2\/media\/92921"}],"wp:attachment":[{"href":"https:\/\/www.europesays.com\/fr\/wp-json\/wp\/v2\/media?parent=92920"}],"wp:term":[{"taxonomy":"category","embeddable":true,"href":"https:\/\/www.europesays.com\/fr\/wp-json\/wp\/v2\/categories?post=92920"},{"taxonomy":"post_tag","embeddable":true,"href":"https:\/\/www.europesays.com\/fr\/wp-json\/wp\/v2\/tags?post=92920"}],"curies":[{"name":"wp","href":"https:\/\/api.w.org\/{rel}","templated":true}]}}