{"id":92922,"date":"2025-05-11T23:49:09","date_gmt":"2025-05-11T23:49:09","guid":{"rendered":"https:\/\/www.europesays.com\/fr\/92922\/"},"modified":"2025-05-11T23:49:09","modified_gmt":"2025-05-11T23:49:09","slug":"football-regional-3-poule-f-victoire-de-ac-de-rennes-contre-la-tour-dauvergne-rennes","status":"publish","type":"post","link":"https:\/\/www.europesays.com\/fr\/92922\/","title":{"rendered":"Football &#8211; R\u00e9gional 3 poule F : victoire de AC DE RENNES contre LA TOUR D&rsquo;AUVERGNE RENNES"},"content":{"rendered":"<p>                    AC DE RENNES s&rsquo;est impos\u00e9 \u00e0 domicile, ce 11 mai 2025, dans la rencontre comptant pour la 21\u00e8me journ\u00e9e du championnat et l&rsquo;opposant \u00e0 LA TOUR D&rsquo;AUVERGNE RENNES.<\/p>\n<p>                Le match s&rsquo;est termin\u00e9 sur le score de 5-0.<\/p>\n<p>                AC DE RENNES s&rsquo;offre ainsi sa 13\u00e8me victoire de la saison (pour 3 matches nuls et 5 d\u00e9faites).<\/p>\n<p>                Un r\u00e9sultat qui lui permet de pointer \u00e0 la 4\u00e8me place (42 points, 4 de diff\u00e9rence de buts) au classement g\u00e9n\u00e9ral de R\u00e9gional 3 poule F.<\/p>\n<p>                Quant \u00e0 LA TOUR D&rsquo;AUVERGNE RENNES, le club s&rsquo;incline pour la 4\u00e8me fois de l&rsquo;ann\u00e9e (pour 14 victoires et 3 nuls).<\/p>\n<p>                Le club se place en 2\u00e8me position avec 45 points (22).<\/p>\n<p>                Les autres r\u00e9sultats de cette 21\u00e8me journ\u00e9e : <\/p>\n<ul>\n<li>AV IRODOUER 2-2 FC BRETEIL TALENSAC <\/li>\n<li>FC LA MEZIERE MELESSE 2-0 CS BETTON <\/li>\n<li>FC DE MORDELLES 1-2 ESKOUADENN BROCELIANDE <\/li>\n<li>NOYAL BRECE FC 0-3 AVS. VIGNOC HEDE GUIPEL <\/li>\n<li>FC AUBINOIS 2-0 AS CHANTEPIE <\/li>\n<\/ul>\n<p>                Prochaine journ\u00e9e \u00e0 partir du 18 mai 2025 avec les rencontres : <\/p>\n","protected":false},"excerpt":{"rendered":"AC DE RENNES s&rsquo;est impos\u00e9 \u00e0 domicile, ce 11 mai 2025, dans la rencontre comptant pour la 21\u00e8me&hellip;\n","protected":false},"author":2,"featured_media":26155,"comment_status":"","ping_status":"","sticky":false,"template":"","format":"standard","meta":{"footnotes":""},"categories":[2821],"tags":[1111,11,829,9315,1777,674,9314,63,1011,27,12,584,25,60],"class_list":{"0":"post-92922","1":"post","2":"type-post","3":"status-publish","4":"format-standard","5":"has-post-thumbnail","7":"category-rennes","8":"tag-actu","9":"tag-actualites","10":"tag-bretagne","11":"tag-clubs-amateurs","12":"tag-eu","13":"tag-europe","14":"tag-foot-amateur","15":"tag-football","16":"tag-fr","17":"tag-france","18":"tag-news","19":"tag-rennes","20":"tag-republique-francaise","21":"tag-sports"},"share_on_mastodon":{"url":"https:\/\/pubeurope.com\/@fr\/114491881142422990","error":""},"_links":{"self":[{"href":"https:\/\/www.europesays.com\/fr\/wp-json\/wp\/v2\/posts\/92922","targetHints":{"allow":["GET"]}}],"collection":[{"href":"https:\/\/www.europesays.com\/fr\/wp-json\/wp\/v2\/posts"}],"about":[{"href":"https:\/\/www.europesays.com\/fr\/wp-json\/wp\/v2\/types\/post"}],"author":[{"embeddable":true,"href":"https:\/\/www.europesays.com\/fr\/wp-json\/wp\/v2\/users\/2"}],"replies":[{"embeddable":true,"href":"https:\/\/www.europesays.com\/fr\/wp-json\/wp\/v2\/comments?post=92922"}],"version-history":[{"count":0,"href":"https:\/\/www.europesays.com\/fr\/wp-json\/wp\/v2\/posts\/92922\/revisions"}],"wp:featuredmedia":[{"embeddable":true,"href":"https:\/\/www.europesays.com\/fr\/wp-json\/wp\/v2\/media\/26155"}],"wp:attachment":[{"href":"https:\/\/www.europesays.com\/fr\/wp-json\/wp\/v2\/media?parent=92922"}],"wp:term":[{"taxonomy":"category","embeddable":true,"href":"https:\/\/www.europesays.com\/fr\/wp-json\/wp\/v2\/categories?post=92922"},{"taxonomy":"post_tag","embeddable":true,"href":"https:\/\/www.europesays.com\/fr\/wp-json\/wp\/v2\/tags?post=92922"}],"curies":[{"name":"wp","href":"https:\/\/api.w.org\/{rel}","templated":true}]}}