{"id":92923,"date":"2025-05-11T23:50:09","date_gmt":"2025-05-11T23:50:09","guid":{"rendered":"https:\/\/www.europesays.com\/fr\/92923\/"},"modified":"2025-05-11T23:50:09","modified_gmt":"2025-05-11T23:50:09","slug":"previsions-du-lundi-12-mai-2025-3","status":"publish","type":"post","link":"https:\/\/www.europesays.com\/fr\/92923\/","title":{"rendered":"pr\u00e9visions du lundi 12 mai 2025"},"content":{"rendered":"<p>Un splendide soleil brillera sur Strasbourg, o\u00f9 la journ\u00e9e s&rsquo;annoncera des plus agr\u00e9ables. Les valeurs afficheront entre 8 et 22\u00b0C. Un vent de nord-est rafra\u00eechira quelque peu l&rsquo;atmosph\u00e8re. Il fera environ 16\u00b0C, le matin. Les temp\u00e9ratures vont monter pendant l&rsquo;apr\u00e8s-midi de plusieurs degr\u00e9s. Les maximales iront jusqu&rsquo;\u00e0 22\u00b0C tandis que les minimales seront de 20\u00b0C. Dans la soir\u00e9e, les temp\u00e9ratures avoisineront les 16\u00b0C. On passera de lundi \u00e0 mardi par une nuit claire.<\/p>\n<p>C&rsquo;est un soleil radieux qui va briller demain sur Strasbourg. Le thermom\u00e8tre affichera 15\u00b0C en moyenne. Une modeste brise de nord-est sera ressentie par les habitants. Le matin, on anticipe des temp\u00e9ratures d&rsquo;environ 16\u00b0C. Les valeurs vont enregistrer une hausse de quelques degr\u00e9s dans l&rsquo;apr\u00e8s-midi. Les valeurs s&rsquo;\u00e9chelonneront entre 19 et 21\u00b0C. Les temp\u00e9ratures avoisineront les 15\u00b0C dans la soir\u00e9e.<\/p>\n<p>Les jours se suivent et ne changent pas. Un ciel ensoleill\u00e9, avec des temp\u00e9ratures de 16\u00b0C en moyenne, est \u00e0 pr\u00e9voir.<\/p>\n<p><\/p>\n","protected":false},"excerpt":{"rendered":"Un splendide soleil brillera sur Strasbourg, o\u00f9 la journ\u00e9e s&rsquo;annoncera des plus agr\u00e9ables. Les valeurs afficheront entre 8&hellip;\n","protected":false},"author":2,"featured_media":92924,"comment_status":"","ping_status":"","sticky":false,"template":"","format":"standard","meta":{"footnotes":""},"categories":[2820],"tags":[1111,11,2389,2649,1777,674,1011,27,775,12,2119,25,640],"class_list":{"0":"post-92923","1":"post","2":"type-post","3":"status-publish","4":"format-standard","5":"has-post-thumbnail","7":"category-strasbourg","8":"tag-actu","9":"tag-actualites","10":"tag-alsace","11":"tag-bas-rhin","12":"tag-eu","13":"tag-europe","14":"tag-fr","15":"tag-france","16":"tag-grand-est","17":"tag-news","18":"tag-previsions-meteo","19":"tag-republique-francaise","20":"tag-strasbourg"},"share_on_mastodon":{"url":"https:\/\/pubeurope.com\/@fr\/114491885014528840","error":""},"_links":{"self":[{"href":"https:\/\/www.europesays.com\/fr\/wp-json\/wp\/v2\/posts\/92923","targetHints":{"allow":["GET"]}}],"collection":[{"href":"https:\/\/www.europesays.com\/fr\/wp-json\/wp\/v2\/posts"}],"about":[{"href":"https:\/\/www.europesays.com\/fr\/wp-json\/wp\/v2\/types\/post"}],"author":[{"embeddable":true,"href":"https:\/\/www.europesays.com\/fr\/wp-json\/wp\/v2\/users\/2"}],"replies":[{"embeddable":true,"href":"https:\/\/www.europesays.com\/fr\/wp-json\/wp\/v2\/comments?post=92923"}],"version-history":[{"count":0,"href":"https:\/\/www.europesays.com\/fr\/wp-json\/wp\/v2\/posts\/92923\/revisions"}],"wp:featuredmedia":[{"embeddable":true,"href":"https:\/\/www.europesays.com\/fr\/wp-json\/wp\/v2\/media\/92924"}],"wp:attachment":[{"href":"https:\/\/www.europesays.com\/fr\/wp-json\/wp\/v2\/media?parent=92923"}],"wp:term":[{"taxonomy":"category","embeddable":true,"href":"https:\/\/www.europesays.com\/fr\/wp-json\/wp\/v2\/categories?post=92923"},{"taxonomy":"post_tag","embeddable":true,"href":"https:\/\/www.europesays.com\/fr\/wp-json\/wp\/v2\/tags?post=92923"}],"curies":[{"name":"wp","href":"https:\/\/api.w.org\/{rel}","templated":true}]}}