{"id":92925,"date":"2025-05-11T23:52:04","date_gmt":"2025-05-11T23:52:04","guid":{"rendered":"https:\/\/www.europesays.com\/fr\/92925\/"},"modified":"2025-05-11T23:52:04","modified_gmt":"2025-05-11T23:52:04","slug":"courses-de-strasbourg-eurometropole-gaston-rohmer-enflamme-strasbourg","status":"publish","type":"post","link":"https:\/\/www.europesays.com\/fr\/92925\/","title":{"rendered":"Courses de Strasbourg-Eurom\u00e9tropole. Gaston Rohmer enflamme Strasbourg"},"content":{"rendered":"<p>Un potentiel vainqueur local, \u00e7a motive. Et lorsque celui-ci r\u00e9pond pr\u00e9sent, le charme op\u00e8re. De sa foul\u00e9e l\u00e9g\u00e8re, d\u00e9jouant les plans en mettant le feu aux poudres d\u2019embl\u00e9e, Gaston Rohmer a fait forte impression, ce dimanche sur le 10\u00a0km des Courses de Strasbourg-Eurom\u00e9tropole.<\/p>\n<p>\u00ab\u00a0Je voulais partir derri\u00e8re, mais j\u2019avais les jambes, j\u2019\u00e9tais bien. Ensuite, seul, c\u2019est ch\u2026 Mais j\u2019ai r\u00e9ussi \u00e0 g\u00e9rer.\u00a0\u00bb D\u00e9pourvu de celui qui devait \u00eatre son principal adversaire, le Burundais Louis Intunzinzi, l\u2019espoir du Vendenheim Athl\u00e9tisme a pris ses responsabilit\u00e9s devant un public nombreux et \u00e9videmment conquis.<\/p>\n<p>Un bain de foule sous les clameurs<\/p>\n<p>Personne ne l\u2019a revu, pas m\u00eame les Tunisiens qui, en \u00e9quipe, esp\u00e9raient faire craquer l\u2019Alsacien. Le premier d\u2019entre eux, Yousri Farhat, n\u2019a fini que 11e. Apr\u00e8s son record \u00e0 Lille (28\u201942\u201d) en mars, le&#8230;<\/p>\n","protected":false},"excerpt":{"rendered":"Un potentiel vainqueur local, \u00e7a motive. Et lorsque celui-ci r\u00e9pond pr\u00e9sent, le charme op\u00e8re. De sa foul\u00e9e l\u00e9g\u00e8re,&hellip;\n","protected":false},"author":2,"featured_media":92926,"comment_status":"","ping_status":"","sticky":false,"template":"","format":"standard","meta":{"footnotes":""},"categories":[2820],"tags":[1111,11,4132,2880,1777,674,1011,27,775,12,25,517,640,2879],"class_list":{"0":"post-92925","1":"post","2":"type-post","3":"status-publish","4":"format-standard","5":"has-post-thumbnail","7":"category-strasbourg","8":"tag-actu","9":"tag-actualites","10":"tag-athletisme","11":"tag-edition-strasbourg","12":"tag-eu","13":"tag-europe","14":"tag-fr","15":"tag-france","16":"tag-grand-est","17":"tag-news","18":"tag-republique-francaise","19":"tag-sport","20":"tag-strasbourg","21":"tag-strasbourg-ville"},"share_on_mastodon":{"url":"https:\/\/pubeurope.com\/@fr\/114491892916914874","error":""},"_links":{"self":[{"href":"https:\/\/www.europesays.com\/fr\/wp-json\/wp\/v2\/posts\/92925","targetHints":{"allow":["GET"]}}],"collection":[{"href":"https:\/\/www.europesays.com\/fr\/wp-json\/wp\/v2\/posts"}],"about":[{"href":"https:\/\/www.europesays.com\/fr\/wp-json\/wp\/v2\/types\/post"}],"author":[{"embeddable":true,"href":"https:\/\/www.europesays.com\/fr\/wp-json\/wp\/v2\/users\/2"}],"replies":[{"embeddable":true,"href":"https:\/\/www.europesays.com\/fr\/wp-json\/wp\/v2\/comments?post=92925"}],"version-history":[{"count":0,"href":"https:\/\/www.europesays.com\/fr\/wp-json\/wp\/v2\/posts\/92925\/revisions"}],"wp:featuredmedia":[{"embeddable":true,"href":"https:\/\/www.europesays.com\/fr\/wp-json\/wp\/v2\/media\/92926"}],"wp:attachment":[{"href":"https:\/\/www.europesays.com\/fr\/wp-json\/wp\/v2\/media?parent=92925"}],"wp:term":[{"taxonomy":"category","embeddable":true,"href":"https:\/\/www.europesays.com\/fr\/wp-json\/wp\/v2\/categories?post=92925"},{"taxonomy":"post_tag","embeddable":true,"href":"https:\/\/www.europesays.com\/fr\/wp-json\/wp\/v2\/tags?post=92925"}],"curies":[{"name":"wp","href":"https:\/\/api.w.org\/{rel}","templated":true}]}}