{"id":92927,"date":"2025-05-11T23:53:08","date_gmt":"2025-05-11T23:53:08","guid":{"rendered":"https:\/\/www.europesays.com\/fr\/92927\/"},"modified":"2025-05-11T23:53:08","modified_gmt":"2025-05-11T23:53:08","slug":"previsions-du-lundi-12-mai-2025-4","status":"publish","type":"post","link":"https:\/\/www.europesays.com\/fr\/92927\/","title":{"rendered":"pr\u00e9visions du lundi 12 mai 2025"},"content":{"rendered":"<p>Il va faire environ 16\u00b0C \u00e0 Nice, aujourd&rsquo;hui. Un vent de sud-est rafra\u00eechira sensiblement l&rsquo;atmosph\u00e8re. C&rsquo;est un soleil radieux qui va se montrer le matin. Les temp\u00e9ratures avoisineront les 17\u00b0C. Il va y avoir des nuages avant que le soleil ne puisse faire son apparition pendant l&rsquo;apr\u00e8s-midi. Intemp\u00e9ries : on annonce des pluies \u00e9parses. Les maximales pourront atteindre 19\u00b0C alors que les minimales seront de 17\u00b0C. Dans la soir\u00e9e, les temp\u00e9ratures avoisineront les 16\u00b0C. C&rsquo;est un ciel d\u00e9pourvu de nuages que conna\u00eetra la nuit de lundi \u00e0 mardi.<\/p>\n<p>Nice, o\u00f9 des nuages persisteront demain, continuera d&rsquo;attendre le soleil. Des pluies \u00e9parses vont tomber sur la ville. Les valeurs s&rsquo;\u00e9chelonneront entre 13 et 18\u00b0C. Le matin, des nuages feront leur apparition. Les temp\u00e9ratures seront comprises entre 15\u00b0C et 18\u00b0C. Une brise de sud soufflera l\u00e9g\u00e8rement. La grisaille ne se dissipe toujours pas, il y aura encore des nuages demain apr\u00e8s-midi. Les valeurs seront de 17\u00b0C au plus bas et de 18\u00b0C au maximum. Demain soir, toujours des nuages dans le ciel qui emp\u00eachent le soleil d&rsquo;appara\u00eetre. Il faudra emporter son parapluie pour s&rsquo;abriter des pluies \u00e9parses. Les temp\u00e9ratures s&rsquo;\u00e9chelonneront de 16 \u00e0 17\u00b0C. Un l\u00e9ger vent d&rsquo;est soufflera.<\/p>\n<p>Le temps des jours suivants va changer progressivement. Apr\u00e8s des conditions m\u00e9t\u00e9orologiques similaires mercredi, la situation changera jeudi.<\/p>\n<p><\/p>\n","protected":false},"excerpt":{"rendered":"Il va faire environ 16\u00b0C \u00e0 Nice, aujourd&rsquo;hui. Un vent de sud-est rafra\u00eechira sensiblement l&rsquo;atmosph\u00e8re. C&rsquo;est un soleil&hellip;\n","protected":false},"author":2,"featured_media":92928,"comment_status":"","ping_status":"","sticky":false,"template":"","format":"standard","meta":{"footnotes":""},"categories":[2819],"tags":[1111,11,2898,1777,674,1011,27,12,2401,883,2119,882,25],"class_list":{"0":"post-92927","1":"post","2":"type-post","3":"status-publish","4":"format-standard","5":"has-post-thumbnail","7":"category-nice","8":"tag-actu","9":"tag-actualites","10":"tag-alpes-maritimes","11":"tag-eu","12":"tag-europe","13":"tag-fr","14":"tag-france","15":"tag-news","16":"tag-nice","17":"tag-paca","18":"tag-previsions-meteo","19":"tag-provence-alpes-cote-dazur","20":"tag-republique-francaise"},"share_on_mastodon":{"url":"https:\/\/pubeurope.com\/@fr\/114491896891423173","error":""},"_links":{"self":[{"href":"https:\/\/www.europesays.com\/fr\/wp-json\/wp\/v2\/posts\/92927","targetHints":{"allow":["GET"]}}],"collection":[{"href":"https:\/\/www.europesays.com\/fr\/wp-json\/wp\/v2\/posts"}],"about":[{"href":"https:\/\/www.europesays.com\/fr\/wp-json\/wp\/v2\/types\/post"}],"author":[{"embeddable":true,"href":"https:\/\/www.europesays.com\/fr\/wp-json\/wp\/v2\/users\/2"}],"replies":[{"embeddable":true,"href":"https:\/\/www.europesays.com\/fr\/wp-json\/wp\/v2\/comments?post=92927"}],"version-history":[{"count":0,"href":"https:\/\/www.europesays.com\/fr\/wp-json\/wp\/v2\/posts\/92927\/revisions"}],"wp:featuredmedia":[{"embeddable":true,"href":"https:\/\/www.europesays.com\/fr\/wp-json\/wp\/v2\/media\/92928"}],"wp:attachment":[{"href":"https:\/\/www.europesays.com\/fr\/wp-json\/wp\/v2\/media?parent=92927"}],"wp:term":[{"taxonomy":"category","embeddable":true,"href":"https:\/\/www.europesays.com\/fr\/wp-json\/wp\/v2\/categories?post=92927"},{"taxonomy":"post_tag","embeddable":true,"href":"https:\/\/www.europesays.com\/fr\/wp-json\/wp\/v2\/tags?post=92927"}],"curies":[{"name":"wp","href":"https:\/\/api.w.org\/{rel}","templated":true}]}}