{"id":929305,"date":"2026-05-13T03:33:43","date_gmt":"2026-05-13T03:33:43","guid":{"rendered":"https:\/\/www.europesays.com\/fr\/929305\/"},"modified":"2026-05-13T03:33:43","modified_gmt":"2026-05-13T03:33:43","slug":"violences-dans-le-periscolaire-a-paris-un-animateur-de-lecole-servan-ecroue-trois-victimes-declarees","status":"publish","type":"post","link":"https:\/\/www.europesays.com\/fr\/929305\/","title":{"rendered":"Violences dans le p\u00e9riscolaire \u00e0 Paris : Un animateur de l\u2019\u00e9cole Servan \u00e9crou\u00e9, trois victimes d\u00e9clar\u00e9es"},"content":{"rendered":"<p class=\"mb-4 text-lg md:leading-8 break-words\"><strong>Mise en examen &#8211; Apr\u00e8s une premi\u00e8re plainte en novembre 2025, le parquet avait re\u00e7u en janvier un nouveau signalement \u00e9voquant deux autres victimes<\/strong><\/p>\n<p class=\"mb-4 text-lg md:leading-8 break-words\">Tout a commenc\u00e9 en novembre 2025, avec les d\u00e9clarations d\u2019une fillette, rapport\u00e9es par Lib\u00e9ration. \u00ab Maman, j\u2019ai mal. \u00bb Et des descriptions s\u2019apparentant \u00e0 une agression sexuelle. Cet animateur d\u2019une vingtaine d\u2019ann\u00e9es, intervenant dans son \u00e9cole maternelle, l\u2019\u00e9cole Servan \u00e0 Paris, a \u00e9t\u00e9 mis en examen pour des \u00ab gestes de nature sexuelle \u00bb sur trois enfants et plac\u00e9 en d\u00e9tention provisoire fin avril, a indiqu\u00e9 mardi le parquet de Paris, <a href=\"https:\/\/www.rtl.fr\/actu\/justice-faits-divers\/info-rtl-periscolaire-a-paris-un-animateur-de-21-ans-incarcere-pour-des-violences-sexuelles-sur-trois-enfants-7900633792?at_medium=RSS%20feed&amp;at_campaign=ynews&amp;utm_source=yahoo&amp;utm_medium=rss&amp;utm_campaign=news_feed&amp;utm_content=in_article_link\" rel=\"nofollow noopener\" target=\"_blank\" data-ylk=\"elm:link;elmt:article_link;slk:confirmant une information de RTL.;itc:0;sec:content-canvas\" data-yga=\"{&quot;yLinkElement&quot;:&quot;context_link&quot;,&quot;yModuleName&quot;:&quot;content-canvas&quot;,&quot;yLinkText&quot;:&quot;confirmant une information de RTL.&quot;}\" class=\"link \">confirmant une information de RTL.<\/a><\/p>\n<p class=\"mb-4 text-lg md:leading-8 break-words\">Saisi par une plainte de la m\u00e8re de cette \u00e9l\u00e8ve, le parquet avait confi\u00e9 l\u2019enqu\u00eate \u00e0 la Brigade de protection des mineurs (BPM) de la direction de la police judiciaire de la pr\u00e9fecture de police de Paris. L\u2019animateur identifi\u00e9 par le r\u00e9cit de l\u2019enfant avait alors \u00e9t\u00e9 suspendu par son employeur.<\/p>\n<p>Deux autres victimes<\/p>\n<p class=\"mb-4 text-lg md:leading-8 break-words\">En janvier 2026, le parquet a re\u00e7u un nouveau signalement \u00e9voquant deux autres victimes de faits susceptibles d\u2019avoir \u00e9t\u00e9 commis \u00e0 l\u2019automne 2025. \u00ab Les d\u00e9clarations des employ\u00e9s ont permis d\u2019identifier le m\u00eame animateur \u00bb, a ajout\u00e9 le parquet, qui a pr\u00e9cis\u00e9 que six employ\u00e9s avaient \u00e9t\u00e9 entendus par la BPM.<\/p>\n<p class=\"mb-4 text-lg md:leading-8 break-words\">Le suspect a \u00e9t\u00e9 interpell\u00e9 le 28 avril, avant d\u2019\u00eatre d\u00e9f\u00e9r\u00e9 deux jours plus tard devant le juge d\u2019instruction, qui a d\u00e9cid\u00e9 sa mise en examen. \u00ab Les investigations se poursuivent sous la direction du juge d\u2019instruction \u00bb, a pr\u00e9cis\u00e9 le parquet.<\/p>\n<p class=\"mb-4 text-lg md:leading-8 break-words\">Le secteur p\u00e9riscolaire parisien est travers\u00e9 par une crise li\u00e9e \u00e0 des r\u00e9v\u00e9lations de violences sexuelles. Depuis d\u00e9but 2026, 78 agents ont \u00e9t\u00e9 suspendus(&#8230;)<\/p>\n<p class=\"mb-4 text-lg md:leading-8 break-words\"><a href=\"https:\/\/www.20minutes.fr\/societe\/4223223-20260512-violences-periscolaire-paris-animateur-ecole-servan-ecroue-trois-victimes-declarees?at_medium=RSS%20feed&amp;at_campaign=ynews&amp;utm_source=yahoo&amp;utm_medium=rss&amp;utm_campaign=news_feed&amp;utm_content=read_more_link&quot;\" rel=\"nofollow noopener\" target=\"_blank\" data-ylk=\"elm:link;elmt:article_link;slk:Lire la suite sur 20minutes;itc:0;sec:content-canvas\" data-yga=\"{&quot;yLinkElement&quot;:&quot;context_link&quot;,&quot;yModuleName&quot;:&quot;content-canvas&quot;,&quot;yLinkText&quot;:&quot;Lire la suite sur 20minutes&quot;}\" class=\"link \">Lire la suite sur 20minutes<\/a><\/p>\n<p>\u00c0 lire aussi :<br \/><a href=\"https:\/\/www.20minutes.fr\/societe\/4221920-20260505-violences-periscolaire-paris-premier-animateur-juge-apres-alertes-prises-serieux?at_medium=RSS%20feed&amp;at_campaign=ynews&amp;utm_source=yahoo&amp;utm_medium=rss&amp;utm_campaign=news_feed&amp;utm_content=related_content_link\" rel=\"nofollow noopener\" target=\"_blank\" data-ylk=\"elm:link;elmt:article_link;slk:Violences dans le p\u00e9riscolaire \u00e0 Paris : Un premier animateur jug\u00e9 apr\u00e8s des alertes \u00ab pas prises au s\u00e9rieux \u00bb;itc:0;sec:content-canvas\" data-yga=\"{&quot;yLinkElement&quot;:&quot;context_link&quot;,&quot;yModuleName&quot;:&quot;content-canvas&quot;,&quot;yLinkText&quot;:&quot;Violences dans le p\u00e9riscolaire \u00e0 Paris &quot;}\" class=\"link \">Violences dans le p\u00e9riscolaire \u00e0 Paris : Un premier animateur jug\u00e9 apr\u00e8s des alertes \u00ab pas prises au s\u00e9rieux \u00bb <\/a><br \/><a href=\"https:\/\/www.20minutes.fr\/paris\/4202456-20260220-violences-sexuelles-periscolaire-passe-ecole-maternelle-paul-dubois-paris?at_medium=RSS%20feed&amp;at_campaign=ynews&amp;utm_source=yahoo&amp;utm_medium=rss&amp;utm_campaign=news_feed&amp;utm_content=related_content_link\" rel=\"nofollow noopener\" target=\"_blank\" data-ylk=\"elm:link;elmt:article_link;slk:Violences sexuelles dans le p\u00e9riscolaire : Que s\u2019est-il pass\u00e9 \u00e0 l\u2019\u00e9cole maternelle Paul-Dubois, \u00e0 Paris ?;itc:0;sec:content-canvas\" data-yga=\"{&quot;yLinkElement&quot;:&quot;context_link&quot;,&quot;yModuleName&quot;:&quot;content-canvas&quot;,&quot;yLinkText&quot;:&quot;Violences sexuelles dans le p\u00e9riscolaire &quot;}\" class=\"link \">Violences sexuelles dans le p\u00e9riscolaire : Que s\u2019est-il pass\u00e9 \u00e0 l\u2019\u00e9cole maternelle Paul-Dubois, \u00e0 Paris ?<\/a><\/p>\n","protected":false},"excerpt":{"rendered":"Mise en examen &#8211; Apr\u00e8s une premi\u00e8re plainte en novembre 2025, le parquet avait re\u00e7u en janvier un&hellip;\n","protected":false},"author":2,"featured_media":929306,"comment_status":"","ping_status":"","sticky":false,"template":"","format":"standard","meta":{"footnotes":"","_share_on_mastodon":"0"},"categories":[1888],"tags":[1111,1928,11,1927,65856,1777,674,1011,27,70552,5117,12,1926,626,1925,10857,1931,25],"class_list":["post-929305","post","type-post","status-publish","format-standard","has-post-thumbnail","category-paris","tag-actu","tag-actu-paris","tag-actualites","tag-actualites-paris","tag-brigade-de-protection-des-mineurs","tag-eu","tag-europe","tag-fr","tag-france","tag-juge-dinstruction","tag-mise-en-examen","tag-news","tag-news-paris","tag-paris","tag-paris-news","tag-parquet-de-paris","tag-prefecture-de-police-de-paris","tag-republique-francaise"],"share_on_mastodon":{"url":"https:\/\/pubeurope.com\/@fr\/116565167688535287","error":""},"_links":{"self":[{"href":"https:\/\/www.europesays.com\/fr\/wp-json\/wp\/v2\/posts\/929305","targetHints":{"allow":["GET"]}}],"collection":[{"href":"https:\/\/www.europesays.com\/fr\/wp-json\/wp\/v2\/posts"}],"about":[{"href":"https:\/\/www.europesays.com\/fr\/wp-json\/wp\/v2\/types\/post"}],"author":[{"embeddable":true,"href":"https:\/\/www.europesays.com\/fr\/wp-json\/wp\/v2\/users\/2"}],"replies":[{"embeddable":true,"href":"https:\/\/www.europesays.com\/fr\/wp-json\/wp\/v2\/comments?post=929305"}],"version-history":[{"count":0,"href":"https:\/\/www.europesays.com\/fr\/wp-json\/wp\/v2\/posts\/929305\/revisions"}],"wp:featuredmedia":[{"embeddable":true,"href":"https:\/\/www.europesays.com\/fr\/wp-json\/wp\/v2\/media\/929306"}],"wp:attachment":[{"href":"https:\/\/www.europesays.com\/fr\/wp-json\/wp\/v2\/media?parent=929305"}],"wp:term":[{"taxonomy":"category","embeddable":true,"href":"https:\/\/www.europesays.com\/fr\/wp-json\/wp\/v2\/categories?post=929305"},{"taxonomy":"post_tag","embeddable":true,"href":"https:\/\/www.europesays.com\/fr\/wp-json\/wp\/v2\/tags?post=929305"}],"curies":[{"name":"wp","href":"https:\/\/api.w.org\/{rel}","templated":true}]}}