{"id":92932,"date":"2025-05-11T23:56:09","date_gmt":"2025-05-11T23:56:09","guid":{"rendered":"https:\/\/www.europesays.com\/fr\/92932\/"},"modified":"2025-05-11T23:56:09","modified_gmt":"2025-05-11T23:56:09","slug":"previsions-du-lundi-12-mai-2025-5","status":"publish","type":"post","link":"https:\/\/www.europesays.com\/fr\/92932\/","title":{"rendered":"pr\u00e9visions du lundi 12 mai 2025"},"content":{"rendered":"<p>Dans la journ\u00e9e, les temp\u00e9ratures seront de 12\u00b0C \u00e0 Nantes. Une modeste brise de sud-est sera ressentie par les habitants. Le matin, le soleil sera dissimul\u00e9 derri\u00e8re des nuages. Intemp\u00e9ries : on pr\u00e9voit des pluies \u00e9parses. On anticipe des valeurs avoisinant 14\u00b0C. L&rsquo;apr\u00e8s-midi aura lieu sous un ciel mitig\u00e9, rythm\u00e9 par de l\u00e9g\u00e8res averses. Le ciel va s&rsquo;\u00e9claircir dans la soir\u00e9e. Il fera environ 12\u00b0C. Pendant votre sommeil, dans la nuit de lundi \u00e0 mardi, le ciel sera brumeux.<\/p>\n<p>Demain, Nantes devra encore attendre avant que les nuages ne se dissipent. Il va pleuvoir. Un temps plus chaud est pr\u00e9vu \u00e9tant donn\u00e9 que le mercure va enregistrer une augmentation. Les temp\u00e9ratures afficheront entre 9 et 19\u00b0C. Un vent de sud-est rafra\u00eechira un peu l&rsquo;atmosph\u00e8re. C&rsquo;est \u00e0 un ciel couvert de nuages qu&rsquo;il faudra s&rsquo;attendre le matin. Les valeurs s&rsquo;\u00e9chelonneront entre 11\u00b0C et 17\u00b0C. La grisaille ne se dissipe toujours pas, il y aura encore des nuages demain apr\u00e8s-midi. D&rsquo;un autre c\u00f4t\u00e9, les temp\u00e9ratures vont conna\u00eetre une hausse de quelques degr\u00e9s. Les valeurs seront de 15\u00b0C au plus bas et de 19\u00b0C au maximum. On observera la pr\u00e9sence persistante de nuages demain soir. Des pluies \u00e9parses tomberont. Les maximales iront jusqu&rsquo;\u00e0 17\u00b0C alors que les minimales seront de 13\u00b0C.<\/p>\n<p>La m\u00e9t\u00e9o des jours qui suivent va \u00e9voluer progressivement. Le temps persistera mercredi mais une am\u00e9lioration s&rsquo;ensuivra jeudi.<\/p>\n<p><\/p>\n","protected":false},"excerpt":{"rendered":"Dans la journ\u00e9e, les temp\u00e9ratures seront de 12\u00b0C \u00e0 Nantes. Une modeste brise de sud-est sera ressentie par&hellip;\n","protected":false},"author":2,"featured_media":92933,"comment_status":"","ping_status":"","sticky":false,"template":"","format":"standard","meta":{"footnotes":""},"categories":[2818],"tags":[1111,11,1777,674,1011,27,3047,766,12,2636,2119,25],"class_list":{"0":"post-92932","1":"post","2":"type-post","3":"status-publish","4":"format-standard","5":"has-post-thumbnail","7":"category-nantes","8":"tag-actu","9":"tag-actualites","10":"tag-eu","11":"tag-europe","12":"tag-fr","13":"tag-france","14":"tag-loire-atlantique","15":"tag-nantes","16":"tag-news","17":"tag-pays-de-la-loire","18":"tag-previsions-meteo","19":"tag-republique-francaise"},"share_on_mastodon":{"url":"https:\/\/pubeurope.com\/@fr\/114491908626165255","error":""},"_links":{"self":[{"href":"https:\/\/www.europesays.com\/fr\/wp-json\/wp\/v2\/posts\/92932","targetHints":{"allow":["GET"]}}],"collection":[{"href":"https:\/\/www.europesays.com\/fr\/wp-json\/wp\/v2\/posts"}],"about":[{"href":"https:\/\/www.europesays.com\/fr\/wp-json\/wp\/v2\/types\/post"}],"author":[{"embeddable":true,"href":"https:\/\/www.europesays.com\/fr\/wp-json\/wp\/v2\/users\/2"}],"replies":[{"embeddable":true,"href":"https:\/\/www.europesays.com\/fr\/wp-json\/wp\/v2\/comments?post=92932"}],"version-history":[{"count":0,"href":"https:\/\/www.europesays.com\/fr\/wp-json\/wp\/v2\/posts\/92932\/revisions"}],"wp:featuredmedia":[{"embeddable":true,"href":"https:\/\/www.europesays.com\/fr\/wp-json\/wp\/v2\/media\/92933"}],"wp:attachment":[{"href":"https:\/\/www.europesays.com\/fr\/wp-json\/wp\/v2\/media?parent=92932"}],"wp:term":[{"taxonomy":"category","embeddable":true,"href":"https:\/\/www.europesays.com\/fr\/wp-json\/wp\/v2\/categories?post=92932"},{"taxonomy":"post_tag","embeddable":true,"href":"https:\/\/www.europesays.com\/fr\/wp-json\/wp\/v2\/tags?post=92932"}],"curies":[{"name":"wp","href":"https:\/\/api.w.org\/{rel}","templated":true}]}}