{"id":92934,"date":"2025-05-11T23:57:08","date_gmt":"2025-05-11T23:57:08","guid":{"rendered":"https:\/\/www.europesays.com\/fr\/92934\/"},"modified":"2025-05-11T23:57:08","modified_gmt":"2025-05-11T23:57:08","slug":"previsions-du-lundi-12-mai-2025-6","status":"publish","type":"post","link":"https:\/\/www.europesays.com\/fr\/92934\/","title":{"rendered":"pr\u00e9visions du lundi 12 mai 2025"},"content":{"rendered":"<p>Aujourd&rsquo;hui, le thermom\u00e8tre affichera 15\u00b0C en moyenne \u00e0 Bordeaux. La m\u00e9t\u00e9o va progressivement s&rsquo;am\u00e9liorer dans la matin\u00e9e et laisser place \u00e0 des \u00e9claircies. Une brise de sud-ouest soufflera doucement. L&rsquo;apr\u00e8s-midi, les perturbations seront toujours au rendez-vous avec des nuages. Le temps sera marqu\u00e9 par des pluies \u00e9parses. En revanche, les temp\u00e9ratures vont grimper de quelques degr\u00e9s. Les valeurs seront comprises entre 19 et 20\u00b0C. Il fera environ 15\u00b0C, le soir. Pendant votre sommeil, dans la nuit de lundi \u00e0 mardi, le ciel sera pluvieux.<\/p>\n<p>Pour Bordeaux, une m\u00e9t\u00e9o plus chaude est pr\u00e9vue demain puisque le mercure va enregistrer une hausse. Les valeurs afficheront entre 11 et 21\u00b0C. Un modeste vent de nord-est sera ressenti par les habitants. L&rsquo;apparition du soleil le matin sera retard\u00e9e par beaucoup de l\u00e9gers nuages. Les temp\u00e9ratures avoisineront les 16\u00b0C. Le soleil appara\u00eet l\u00e9g\u00e8rement demain apr\u00e8s-midi. Ces \u00e9claircies devraient ravir les habitants. Les temp\u00e9ratures vont conna\u00eetre une augmentation de plusieurs degr\u00e9s. Les valeurs seront de 20\u00b0C au plus bas et de 21\u00b0C au maximum. Demain soir, on pr\u00e9voit des temp\u00e9ratures d&rsquo;environ 17\u00b0C.<\/p>\n<p>Le temps restera inchang\u00e9 les jours \u00e0 venir. Des temp\u00e9ratures dans les 18\u00b0C iront de pair avec un ciel ensoleill\u00e9.<\/p>\n<p><\/p>\n","protected":false},"excerpt":{"rendered":"Aujourd&rsquo;hui, le thermom\u00e8tre affichera 15\u00b0C en moyenne \u00e0 Bordeaux. La m\u00e9t\u00e9o va progressivement s&rsquo;am\u00e9liorer dans la matin\u00e9e et&hellip;\n","protected":false},"author":2,"featured_media":92935,"comment_status":"","ping_status":"","sticky":false,"template":"","format":"standard","meta":{"footnotes":""},"categories":[2817],"tags":[1111,11,3177,1997,1777,674,1011,27,2905,12,2219,2119,25],"class_list":{"0":"post-92934","1":"post","2":"type-post","3":"status-publish","4":"format-standard","5":"has-post-thumbnail","7":"category-bordeaux","8":"tag-actu","9":"tag-actualites","10":"tag-aquitaine","11":"tag-bordeaux","12":"tag-eu","13":"tag-europe","14":"tag-fr","15":"tag-france","16":"tag-gironde","17":"tag-news","18":"tag-nouvelle-aquitaine","19":"tag-previsions-meteo","20":"tag-republique-francaise"},"share_on_mastodon":{"url":"https:\/\/pubeurope.com\/@fr\/114491912617944063","error":""},"_links":{"self":[{"href":"https:\/\/www.europesays.com\/fr\/wp-json\/wp\/v2\/posts\/92934","targetHints":{"allow":["GET"]}}],"collection":[{"href":"https:\/\/www.europesays.com\/fr\/wp-json\/wp\/v2\/posts"}],"about":[{"href":"https:\/\/www.europesays.com\/fr\/wp-json\/wp\/v2\/types\/post"}],"author":[{"embeddable":true,"href":"https:\/\/www.europesays.com\/fr\/wp-json\/wp\/v2\/users\/2"}],"replies":[{"embeddable":true,"href":"https:\/\/www.europesays.com\/fr\/wp-json\/wp\/v2\/comments?post=92934"}],"version-history":[{"count":0,"href":"https:\/\/www.europesays.com\/fr\/wp-json\/wp\/v2\/posts\/92934\/revisions"}],"wp:featuredmedia":[{"embeddable":true,"href":"https:\/\/www.europesays.com\/fr\/wp-json\/wp\/v2\/media\/92935"}],"wp:attachment":[{"href":"https:\/\/www.europesays.com\/fr\/wp-json\/wp\/v2\/media?parent=92934"}],"wp:term":[{"taxonomy":"category","embeddable":true,"href":"https:\/\/www.europesays.com\/fr\/wp-json\/wp\/v2\/categories?post=92934"},{"taxonomy":"post_tag","embeddable":true,"href":"https:\/\/www.europesays.com\/fr\/wp-json\/wp\/v2\/tags?post=92934"}],"curies":[{"name":"wp","href":"https:\/\/api.w.org\/{rel}","templated":true}]}}