{"id":92938,"date":"2025-05-11T23:59:09","date_gmt":"2025-05-11T23:59:09","guid":{"rendered":"https:\/\/www.europesays.com\/fr\/92938\/"},"modified":"2025-05-11T23:59:09","modified_gmt":"2025-05-11T23:59:09","slug":"previsions-du-lundi-12-mai-2025-7","status":"publish","type":"post","link":"https:\/\/www.europesays.com\/fr\/92938\/","title":{"rendered":"pr\u00e9visions du lundi 12 mai 2025"},"content":{"rendered":"<p>\u00c0 Toulouse, la m\u00e9t\u00e9o devrait s&rsquo;am\u00e9liorer pendant la journ\u00e9e. Il va faire 15\u00b0C en moyenne. Un petit vent d&rsquo;ouest soufflera au cours de la matin\u00e9e. Un temps plus chaud est pr\u00e9vu l&rsquo;apr\u00e8s-midi puisque le mercure va enregistrer une augmentation. Les valeurs s&rsquo;\u00e9chelonneront entre 18 et 20\u00b0C. On passera de lundi \u00e0 mardi par une nuit claire.<\/p>\n<p>La m\u00e9t\u00e9o va se r\u00e9chauffer demain \u00e0 Toulouse avec une hausse de quelques degr\u00e9s. Les temp\u00e9ratures afficheront entre 9 et 22\u00b0C. Un vent de nord-est rafra\u00eechira sensiblement l&rsquo;atmosph\u00e8re. Le ciel sera relativement lumineux, avec quelques \u00e9claircies le matin. Un bel ensoleillement est attendu demain apr\u00e8s-midi. C&rsquo;est une hausse de plusieurs degr\u00e9s que vont conna\u00eetre les temp\u00e9ratures. Les valeurs s&rsquo;\u00e9chelonneront de 21 \u00e0 22\u00b0C. Dans la soir\u00e9e, des pluies \u00e9parses sont pr\u00e9vues.<\/p>\n<p>La m\u00e9t\u00e9o des jours suivants va \u00e9voluer peu \u00e0 peu. Les conditions m\u00e9t\u00e9orologiques perdureront mercredi mais une d\u00e9gradation s&rsquo;ensuivra jeudi.<\/p>\n<p><\/p>\n","protected":false},"excerpt":{"rendered":"\u00c0 Toulouse, la m\u00e9t\u00e9o devrait s&rsquo;am\u00e9liorer pendant la journ\u00e9e. Il va faire 15\u00b0C en moyenne. Un petit vent&hellip;\n","protected":false},"author":2,"featured_media":92939,"comment_status":"","ping_status":"","sticky":false,"template":"","format":"standard","meta":{"footnotes":""},"categories":[2816],"tags":[1111,11,1777,674,1011,27,2722,2721,12,2680,2119,25,2312],"class_list":{"0":"post-92938","1":"post","2":"type-post","3":"status-publish","4":"format-standard","5":"has-post-thumbnail","7":"category-toulouse","8":"tag-actu","9":"tag-actualites","10":"tag-eu","11":"tag-europe","12":"tag-fr","13":"tag-france","14":"tag-haute-garonne","15":"tag-midi-pyrenees","16":"tag-news","17":"tag-occitanie","18":"tag-previsions-meteo","19":"tag-republique-francaise","20":"tag-toulouse"},"share_on_mastodon":{"url":"https:\/\/pubeurope.com\/@fr\/114491920482666750","error":""},"_links":{"self":[{"href":"https:\/\/www.europesays.com\/fr\/wp-json\/wp\/v2\/posts\/92938","targetHints":{"allow":["GET"]}}],"collection":[{"href":"https:\/\/www.europesays.com\/fr\/wp-json\/wp\/v2\/posts"}],"about":[{"href":"https:\/\/www.europesays.com\/fr\/wp-json\/wp\/v2\/types\/post"}],"author":[{"embeddable":true,"href":"https:\/\/www.europesays.com\/fr\/wp-json\/wp\/v2\/users\/2"}],"replies":[{"embeddable":true,"href":"https:\/\/www.europesays.com\/fr\/wp-json\/wp\/v2\/comments?post=92938"}],"version-history":[{"count":0,"href":"https:\/\/www.europesays.com\/fr\/wp-json\/wp\/v2\/posts\/92938\/revisions"}],"wp:featuredmedia":[{"embeddable":true,"href":"https:\/\/www.europesays.com\/fr\/wp-json\/wp\/v2\/media\/92939"}],"wp:attachment":[{"href":"https:\/\/www.europesays.com\/fr\/wp-json\/wp\/v2\/media?parent=92938"}],"wp:term":[{"taxonomy":"category","embeddable":true,"href":"https:\/\/www.europesays.com\/fr\/wp-json\/wp\/v2\/categories?post=92938"},{"taxonomy":"post_tag","embeddable":true,"href":"https:\/\/www.europesays.com\/fr\/wp-json\/wp\/v2\/tags?post=92938"}],"curies":[{"name":"wp","href":"https:\/\/api.w.org\/{rel}","templated":true}]}}