{"id":92942,"date":"2025-05-12T00:01:08","date_gmt":"2025-05-12T00:01:08","guid":{"rendered":"https:\/\/www.europesays.com\/fr\/92942\/"},"modified":"2025-05-12T00:01:08","modified_gmt":"2025-05-12T00:01:08","slug":"previsions-du-lundi-12-mai-2025-8","status":"publish","type":"post","link":"https:\/\/www.europesays.com\/fr\/92942\/","title":{"rendered":"pr\u00e9visions du lundi 12 mai 2025"},"content":{"rendered":"<p>Un temps voil\u00e9 pour Lille avec un d\u00e9veloppement de nuages est pr\u00e9vu dans la journ\u00e9e. Le mercure affichera 16\u00b0C en moyenne. Un petit vent de sud-est soufflera. D&rsquo;un autre c\u00f4t\u00e9, le soleil sera au rendez-vous : une belle matin\u00e9e se pr\u00e9sente ! L&rsquo;apr\u00e8s-midi, on verra l&rsquo;arriv\u00e9e de nuages. Il va pleuvoir. En revanche, la m\u00e9t\u00e9o va se r\u00e9chauffer avec une augmentation de quelques degr\u00e9s. Les temp\u00e9ratures s&rsquo;\u00e9chelonneront de 20 \u00e0 21\u00b0C. Des pluies \u00e9parses tomberont dans la soir\u00e9e. Le ciel sera d\u00e9pourvu de nuages dans la nuit de lundi \u00e0 mardi.<\/p>\n<p>Demain, un grand soleil brillera sur Lille. C&rsquo;est une hausse de quelques degr\u00e9s que vont enregistrer les temp\u00e9ratures. On pr\u00e9voit des valeurs avoisinant 18\u00b0C. Un vent de nord-est rafra\u00eechira l\u00e9g\u00e8rement l&rsquo;atmosph\u00e8re. Les temp\u00e9ratures vont monter pendant l&rsquo;apr\u00e8s-midi de plusieurs degr\u00e9s. Les valeurs seront comprises entre 22 et 23\u00b0C.<\/p>\n<p>Peu d&rsquo;\u00e9volutions pour la suite. Une m\u00e9t\u00e9o ensoleill\u00e9e, avec des temp\u00e9ratures de 15\u00b0C environ, est \u00e0 pr\u00e9voir.<\/p>\n<p><\/p>\n","protected":false},"excerpt":{"rendered":"Un temps voil\u00e9 pour Lille avec un d\u00e9veloppement de nuages est pr\u00e9vu dans la journ\u00e9e. Le mercure affichera&hellip;\n","protected":false},"author":2,"featured_media":92943,"comment_status":"","ping_status":"","sticky":false,"template":"","format":"standard","meta":{"footnotes":""},"categories":[2815],"tags":[1111,11,1777,674,1011,27,811,1307,12,1308,1309,2119,25],"class_list":{"0":"post-92942","1":"post","2":"type-post","3":"status-publish","4":"format-standard","5":"has-post-thumbnail","7":"category-lille","8":"tag-actu","9":"tag-actualites","10":"tag-eu","11":"tag-europe","12":"tag-fr","13":"tag-france","14":"tag-hauts-de-france","15":"tag-lille","16":"tag-news","17":"tag-nord","18":"tag-nord-pas-de-calais","19":"tag-previsions-meteo","20":"tag-republique-francaise"},"share_on_mastodon":{"url":"https:\/\/pubeurope.com\/@fr\/114491928396495933","error":""},"_links":{"self":[{"href":"https:\/\/www.europesays.com\/fr\/wp-json\/wp\/v2\/posts\/92942","targetHints":{"allow":["GET"]}}],"collection":[{"href":"https:\/\/www.europesays.com\/fr\/wp-json\/wp\/v2\/posts"}],"about":[{"href":"https:\/\/www.europesays.com\/fr\/wp-json\/wp\/v2\/types\/post"}],"author":[{"embeddable":true,"href":"https:\/\/www.europesays.com\/fr\/wp-json\/wp\/v2\/users\/2"}],"replies":[{"embeddable":true,"href":"https:\/\/www.europesays.com\/fr\/wp-json\/wp\/v2\/comments?post=92942"}],"version-history":[{"count":0,"href":"https:\/\/www.europesays.com\/fr\/wp-json\/wp\/v2\/posts\/92942\/revisions"}],"wp:featuredmedia":[{"embeddable":true,"href":"https:\/\/www.europesays.com\/fr\/wp-json\/wp\/v2\/media\/92943"}],"wp:attachment":[{"href":"https:\/\/www.europesays.com\/fr\/wp-json\/wp\/v2\/media?parent=92942"}],"wp:term":[{"taxonomy":"category","embeddable":true,"href":"https:\/\/www.europesays.com\/fr\/wp-json\/wp\/v2\/categories?post=92942"},{"taxonomy":"post_tag","embeddable":true,"href":"https:\/\/www.europesays.com\/fr\/wp-json\/wp\/v2\/tags?post=92942"}],"curies":[{"name":"wp","href":"https:\/\/api.w.org\/{rel}","templated":true}]}}