{"id":92946,"date":"2025-05-12T00:03:09","date_gmt":"2025-05-12T00:03:09","guid":{"rendered":"https:\/\/www.europesays.com\/fr\/92946\/"},"modified":"2025-05-12T00:03:09","modified_gmt":"2025-05-12T00:03:09","slug":"previsions-du-lundi-12-mai-2025-9","status":"publish","type":"post","link":"https:\/\/www.europesays.com\/fr\/92946\/","title":{"rendered":"pr\u00e9visions du lundi 12 mai 2025"},"content":{"rendered":"<p>Cette journ\u00e9e sera synonyme de beau soleil pour Marseille. Les valeurs afficheront entre 15 et 20\u00b0C. Le matin, on pr\u00e9voit des temp\u00e9ratures avoisinant 17\u00b0C. Un petit vent de sud-est sera ressenti par les habitants. Les maximales pourront atteindre 20\u00b0C dans l&rsquo;apr\u00e8s-midi tandis que les minimales seront de 19\u00b0C. Des \u00e9claircies sont attendues : on passera une soir\u00e9e agr\u00e9able. Les valeurs avoisineront les 18\u00b0C. Pendant votre sommeil, dans la nuit de lundi \u00e0 mardi, le ciel sera clair.<\/p>\n<p>Un bel ensoleillement est pr\u00e9vu demain \u00e0 Marseille. Le thermom\u00e8tre affichera 18\u00b0C en moyenne. Les temp\u00e9ratures seront de 16\u00b0C au minimum et de 21\u00b0C au maximum la matin\u00e9e. Une l\u00e9g\u00e8re brise de nord-ouest soufflera. Les valeurs seront comprises entre 20 et 21\u00b0C demain apr\u00e8s-midi. Les temp\u00e9ratures s&rsquo;\u00e9chelonneront de 18 \u00e0 19\u00b0C sur l&rsquo;ensemble de la soir\u00e9e. Un vent d&rsquo;ouest soufflera doucement.<\/p>\n<p>Pour les jours qui suivent, le temps ne bougera pas. Le temps sera ensoleill\u00e9 avec des temp\u00e9ratures d&rsquo;environ 19\u00b0C.<\/p>\n<p><\/p>\n","protected":false},"excerpt":{"rendered":"Cette journ\u00e9e sera synonyme de beau soleil pour Marseille. Les valeurs afficheront entre 15 et 20\u00b0C. Le matin,&hellip;\n","protected":false},"author":2,"featured_media":92947,"comment_status":"","ping_status":"","sticky":false,"template":"","format":"standard","meta":{"footnotes":""},"categories":[2814],"tags":[1111,11,885,1777,674,1011,27,884,12,883,2119,882,25],"class_list":{"0":"post-92946","1":"post","2":"type-post","3":"status-publish","4":"format-standard","5":"has-post-thumbnail","7":"category-marseille","8":"tag-actu","9":"tag-actualites","10":"tag-bouches-du-rhone","11":"tag-eu","12":"tag-europe","13":"tag-fr","14":"tag-france","15":"tag-marseille","16":"tag-news","17":"tag-paca","18":"tag-previsions-meteo","19":"tag-provence-alpes-cote-dazur","20":"tag-republique-francaise"},"share_on_mastodon":{"url":"https:\/\/pubeurope.com\/@fr\/114491936182833213","error":""},"_links":{"self":[{"href":"https:\/\/www.europesays.com\/fr\/wp-json\/wp\/v2\/posts\/92946","targetHints":{"allow":["GET"]}}],"collection":[{"href":"https:\/\/www.europesays.com\/fr\/wp-json\/wp\/v2\/posts"}],"about":[{"href":"https:\/\/www.europesays.com\/fr\/wp-json\/wp\/v2\/types\/post"}],"author":[{"embeddable":true,"href":"https:\/\/www.europesays.com\/fr\/wp-json\/wp\/v2\/users\/2"}],"replies":[{"embeddable":true,"href":"https:\/\/www.europesays.com\/fr\/wp-json\/wp\/v2\/comments?post=92946"}],"version-history":[{"count":0,"href":"https:\/\/www.europesays.com\/fr\/wp-json\/wp\/v2\/posts\/92946\/revisions"}],"wp:featuredmedia":[{"embeddable":true,"href":"https:\/\/www.europesays.com\/fr\/wp-json\/wp\/v2\/media\/92947"}],"wp:attachment":[{"href":"https:\/\/www.europesays.com\/fr\/wp-json\/wp\/v2\/media?parent=92946"}],"wp:term":[{"taxonomy":"category","embeddable":true,"href":"https:\/\/www.europesays.com\/fr\/wp-json\/wp\/v2\/categories?post=92946"},{"taxonomy":"post_tag","embeddable":true,"href":"https:\/\/www.europesays.com\/fr\/wp-json\/wp\/v2\/tags?post=92946"}],"curies":[{"name":"wp","href":"https:\/\/api.w.org\/{rel}","templated":true}]}}