{"id":92950,"date":"2025-05-12T00:05:16","date_gmt":"2025-05-12T00:05:16","guid":{"rendered":"https:\/\/www.europesays.com\/fr\/92950\/"},"modified":"2025-05-12T00:05:16","modified_gmt":"2025-05-12T00:05:16","slug":"des-tirs-mais-pas-de-blesse-au-tonkin","status":"publish","type":"post","link":"https:\/\/www.europesays.com\/fr\/92950\/","title":{"rendered":"des tirs mais pas de bless\u00e9 au Tonkin"},"content":{"rendered":"<p itemprop=\"description\"><strong>Les fusillades \u00e0 Villeurbanne ne font pas toujours mouche.<\/strong><\/p>\n<p>La preuve avec ces tirs d&rsquo;arme \u00e0 feu r\u00e9alis\u00e9s dans la nuit de samedi \u00e0 dimanche rue Gervais-Bussi\u00e8re dans le quartier du Tonkin, vers 1h du matin.<\/p>\n<p>Sur place, les forces de l&rsquo;ordre ont retrouv\u00e9 des douilles mais aucun impact de balle ou de projection de sang.<\/p>\n<p>Une enqu\u00eate est en cours pour tenter d&rsquo;identifier et retrouver l&rsquo;auteur des coups de feu, voire sa cible \u00e9ventuelle.<\/p>\n","protected":false},"excerpt":{"rendered":"Les fusillades \u00e0 Villeurbanne ne font pas toujours mouche. La preuve avec ces tirs d&rsquo;arme \u00e0 feu r\u00e9alis\u00e9s&hellip;\n","protected":false},"author":2,"featured_media":92951,"comment_status":"","ping_status":"","sticky":false,"template":"","format":"standard","meta":{"footnotes":""},"categories":[1889],"tags":[1111,11,2813,2190,2430,1109,251,1112,2811,1777,674,118,1011,27,1922,1110,1114,2428,2810,12,241,316,25,2812,517,800],"class_list":{"0":"post-92950","1":"post","2":"type-post","3":"status-publish","4":"format-standard","5":"has-post-thumbnail","7":"category-lyon","8":"tag-actu","9":"tag-actualites","10":"tag-article","11":"tag-asvel","12":"tag-auvergne-rhone-alpes","13":"tag-breves","14":"tag-culture","15":"tag-depeches","16":"tag-economique","17":"tag-eu","18":"tag-europe","19":"tag-faits-divers","20":"tag-fr","21":"tag-france","22":"tag-info","23":"tag-informations","24":"tag-infos","25":"tag-lyon","26":"tag-lyonmag","27":"tag-news","28":"tag-ol","29":"tag-politique","30":"tag-republique-francaise","31":"tag-sociale","32":"tag-sport","33":"tag-transports"},"share_on_mastodon":{"url":"https:\/\/pubeurope.com\/@fr\/114491944090259758","error":""},"_links":{"self":[{"href":"https:\/\/www.europesays.com\/fr\/wp-json\/wp\/v2\/posts\/92950","targetHints":{"allow":["GET"]}}],"collection":[{"href":"https:\/\/www.europesays.com\/fr\/wp-json\/wp\/v2\/posts"}],"about":[{"href":"https:\/\/www.europesays.com\/fr\/wp-json\/wp\/v2\/types\/post"}],"author":[{"embeddable":true,"href":"https:\/\/www.europesays.com\/fr\/wp-json\/wp\/v2\/users\/2"}],"replies":[{"embeddable":true,"href":"https:\/\/www.europesays.com\/fr\/wp-json\/wp\/v2\/comments?post=92950"}],"version-history":[{"count":0,"href":"https:\/\/www.europesays.com\/fr\/wp-json\/wp\/v2\/posts\/92950\/revisions"}],"wp:featuredmedia":[{"embeddable":true,"href":"https:\/\/www.europesays.com\/fr\/wp-json\/wp\/v2\/media\/92951"}],"wp:attachment":[{"href":"https:\/\/www.europesays.com\/fr\/wp-json\/wp\/v2\/media?parent=92950"}],"wp:term":[{"taxonomy":"category","embeddable":true,"href":"https:\/\/www.europesays.com\/fr\/wp-json\/wp\/v2\/categories?post=92950"},{"taxonomy":"post_tag","embeddable":true,"href":"https:\/\/www.europesays.com\/fr\/wp-json\/wp\/v2\/tags?post=92950"}],"curies":[{"name":"wp","href":"https:\/\/api.w.org\/{rel}","templated":true}]}}