{"id":92952,"date":"2025-05-12T00:06:11","date_gmt":"2025-05-12T00:06:11","guid":{"rendered":"https:\/\/www.europesays.com\/fr\/92952\/"},"modified":"2025-05-12T00:06:11","modified_gmt":"2025-05-12T00:06:11","slug":"brest-ou-lens-pourraient-prendre-la-place-de-lyon-en-coupe-deurope-france-ligue-1","status":"publish","type":"post","link":"https:\/\/www.europesays.com\/fr\/92952\/","title":{"rendered":"Brest ou Lens pourraient prendre la place de Lyon en Coupe d\u2019Europe &#8211; France &#8211; Ligue 1"},"content":{"rendered":"<p>Textor est en train de manger son chapeau.<\/p>\n<p><a target=\"_blank\" href=\"https:\/\/www.sofoot.com\/articles\/ligue-1-monaco-qualifie-en-ligue-des-champions-saint-etienne-peut-croire-au-maintien\" rel=\"nofollow noopener\">Logiquement battu par Monaco samedi lors de la 33e journ\u00e9e (2-0)<\/a>, l\u2019Olympique lyonnais, septi\u00e8me, a vraisemblablement dit adieu \u00e0 la Ligue des champions. Mais <strong>si les Gones peuvent logiquement pr\u00e9tendre \u00e0 une qualification en Ligue Europa ou en Ligue Conf\u00e9rence, il ne serait pas s\u00fbr que la formation rhodanienne soit autoris\u00e9e \u00e0 y participer <a target=\"_blank\" href=\"https:\/\/www.lequipe.fr\/Football\/Actualites\/Brest-ou-lens-pourrait-remplacer-l-ol-en-coupe-d-europe\/1561087\" rel=\"nofollow noopener\">selon L\u2019\u00c9quipe<\/a>.<\/strong><\/p>\n<p>Brest et Lens en embuscade ?<\/p>\n<p>Ce n\u2019est pas la potentielle r\u00e9trogradation en L2 par la DNCG qui poserait probl\u00e8me, mais bien l\u2019UEFA qui menacerait l\u2019OL en raison de sa situation financi\u00e8re pr\u00e9caire. Toujours selon le quotidien, \u00ab\u202fLyon devra trouver un accord, qui n\u2019entra\u00eene pas d\u2019exclusion avec l\u2019instance europ\u00e9enne, pour pouvoir prendre part \u00e0 la comp\u00e9tition continentale pour laquelle l\u2019\u00e9quipe s\u2019est qualifi\u00e9e.\u202f\u00bb <strong>Par cons\u00e9quent, si le club rhodanien n\u2019est pas autoris\u00e9 \u00e0 prendre part aux comp\u00e9titions europ\u00e9ennes, selon l\u2019article 4 \u00ab\u00a0crit\u00e8res et proc\u00e9dure d\u2019admission\u00a0\u00bb des r\u00e8glements de l\u2019UEFA (alin\u00e9a 10), ce serait donc le huiti\u00e8me du championnat fran\u00e7ais, en l\u2019occurrence le Stade brestois actuellement, qui le remplacerait<\/strong>. \u00c0 une journ\u00e9e de la fin de la L1, les Ty-Zefs ne poss\u00e8dent qu\u2019un point d\u2019avance sur Lens, neuvi\u00e8me.<\/p>\n<p>On en est encore loin.<\/p>\n<p>\t\t\t\t\t\t\t\t\t\t<a class=\"lien-connexe\" href=\"https:\/\/www.sofoot.com\/articles\/si-les-ecuries-de-formule-1-etaient-des-clubs-de-ligue-1\" rel=\"nofollow noopener\" target=\"_blank\">Si les \u00e9curies de Formule 1 \u00e9taient des clubs de Ligue 1<\/a>\t\t\t\t\t<\/p>\n","protected":false},"excerpt":{"rendered":"Textor est en train de manger son chapeau. Logiquement battu par Monaco samedi lors de la 33e journ\u00e9e&hellip;\n","protected":false},"author":2,"featured_media":92953,"comment_status":"","ping_status":"","sticky":false,"template":"","format":"standard","meta":{"footnotes":""},"categories":[1889],"tags":[1111,47,11,61,2430,69,65,64,1777,674,63,1011,27,68,66,2428,12,62,70,25,67],"class_list":{"0":"post-92952","1":"post","2":"type-post","3":"status-publish","4":"format-standard","5":"has-post-thumbnail","7":"category-lyon","8":"tag-actu","9":"tag-actualite","10":"tag-actualites","11":"tag-actus-football","12":"tag-auvergne-rhone-alpes","13":"tag-bundesliga","14":"tag-championnats-europeens","15":"tag-equipe-de-france","16":"tag-eu","17":"tag-europe","18":"tag-football","19":"tag-fr","20":"tag-france","21":"tag-ligua","22":"tag-ligue-1","23":"tag-lyon","24":"tag-news","25":"tag-news-foot","26":"tag-premier-league","27":"tag-republique-francaise","28":"tag-serie-a"},"share_on_mastodon":{"url":"https:\/\/pubeurope.com\/@fr\/114491947906613148","error":""},"_links":{"self":[{"href":"https:\/\/www.europesays.com\/fr\/wp-json\/wp\/v2\/posts\/92952","targetHints":{"allow":["GET"]}}],"collection":[{"href":"https:\/\/www.europesays.com\/fr\/wp-json\/wp\/v2\/posts"}],"about":[{"href":"https:\/\/www.europesays.com\/fr\/wp-json\/wp\/v2\/types\/post"}],"author":[{"embeddable":true,"href":"https:\/\/www.europesays.com\/fr\/wp-json\/wp\/v2\/users\/2"}],"replies":[{"embeddable":true,"href":"https:\/\/www.europesays.com\/fr\/wp-json\/wp\/v2\/comments?post=92952"}],"version-history":[{"count":0,"href":"https:\/\/www.europesays.com\/fr\/wp-json\/wp\/v2\/posts\/92952\/revisions"}],"wp:featuredmedia":[{"embeddable":true,"href":"https:\/\/www.europesays.com\/fr\/wp-json\/wp\/v2\/media\/92953"}],"wp:attachment":[{"href":"https:\/\/www.europesays.com\/fr\/wp-json\/wp\/v2\/media?parent=92952"}],"wp:term":[{"taxonomy":"category","embeddable":true,"href":"https:\/\/www.europesays.com\/fr\/wp-json\/wp\/v2\/categories?post=92952"},{"taxonomy":"post_tag","embeddable":true,"href":"https:\/\/www.europesays.com\/fr\/wp-json\/wp\/v2\/tags?post=92952"}],"curies":[{"name":"wp","href":"https:\/\/api.w.org\/{rel}","templated":true}]}}