{"id":92967,"date":"2025-05-12T00:15:11","date_gmt":"2025-05-12T00:15:11","guid":{"rendered":"https:\/\/www.europesays.com\/fr\/92967\/"},"modified":"2025-05-12T00:15:11","modified_gmt":"2025-05-12T00:15:11","slug":"mer-rouge-treve-entre-les-houthis-et-les-etats-unis","status":"publish","type":"post","link":"https:\/\/www.europesays.com\/fr\/92967\/","title":{"rendered":"Mer Rouge\u00a0: tr\u00eave entre les Houthis et les \u00c9tats-Unis"},"content":{"rendered":"<p>\n      Un accord de cessez-le-feu a \u00e9t\u00e9 pass\u00e9 entre Washington et la r\u00e9bellion du Y\u00e9men, sous l\u2019\u00e9gide d\u2019Oman.&#13;<br \/>\n&#13;<\/p>\n<p>A quelques jours de la visite du pr\u00e9sident Trump au Moyen-Orient, le sultanat d\u2019Oman a annonc\u00e9, le 6 mai, qu\u2019un accord de cessez-le-feu avait \u00e9t\u00e9 pass\u00e9 entre les Etats-Unis et les rebelles houthis du Y\u00e9men. Le pr\u00e9sident am\u00e9ricain a \u00e9galement d\u00e9clar\u00e9 \u00ab\u00a0mettre fin aux bombardements\u00a0\u00bb, apr\u00e8s que les rebelles houthis ont d\u00e9clar\u00e9 aux \u00c9tats-Unis qu\u2019ils \u00ab\u00a0ne voulaient plus se battre\u00a0\u00bb. Les Houthis indiquent qu&rsquo;ils ne cibleront plus de navires internationaux croisant \u00e0 proximit\u00e9 de leurs c\u00f4tes, \u00e0 l\u2019exclusion des navires isra\u00e9liens.<\/p>\n<p>Faut-il s\u2019attendre \u00e0 un retour du trafic maritime par cette voie conduisant au tr\u00e8s strat\u00e9gique canal de Suez\u00a0? La soci\u00e9t\u00e9 de s\u00e9curit\u00e9 priv\u00e9e EOS Risk Group invite \u00e0 la prudence et estime que l\u2019accord \u00ab\u00a0ne devrait pas modifier de mani\u00e8re significative les sch\u00e9mas de trafic maritime dans la mer Rouge \u00e0 court terme. EOS estime que les volumes de transport maritime resteront relativement stables, car les itin\u00e9raires alternatifs autour du cap de Bonne-Esp\u00e9rance sont devenus une strat\u00e9gie d&rsquo;att\u00e9nuation bien \u00e9tablie face aux menaces persistantes dans la r\u00e9gion de la mer Rouge\u00a0\u00bb.<\/p>\n<p><strong>\u00a9 Un article de la r\u00e9daction de Mer et Marine.\u00a0Reproduction interdite sans consentement du ou des auteurs. \u00a0 \u00a0<\/strong>\u00a0\u00a0\u00a0<\/p>\n<p>\u00a0<\/p>\n","protected":false},"excerpt":{"rendered":"Un accord de cessez-le-feu a \u00e9t\u00e9 pass\u00e9 entre Washington et la r\u00e9bellion du Y\u00e9men, sous l\u2019\u00e9gide d\u2019Oman.&#13; &#13;&hellip;\n","protected":false},"author":2,"featured_media":92968,"comment_status":"","ping_status":"","sticky":false,"template":"","format":"standard","meta":{"footnotes":""},"categories":[1589],"tags":[11,6130,6141,6131,6138,2380,6135,554,73,1866,6136,6139,6134,3135,6128,567,6129,6127,12,6132,4838,6133,6140,6137,1864,1865,1863,308],"class_list":{"0":"post-92967","1":"post","2":"type-post","3":"status-publish","4":"format-standard","5":"has-post-thumbnail","7":"category-etats-unis","8":"tag-actualites","9":"tag-chantiers","10":"tag-commando","11":"tag-construction-navale","12":"tag-costa","13":"tag-croisiere","14":"tag-dcns","15":"tag-defense","16":"tag-etats-unis","17":"tag-etats-unis-damerique","18":"tag-euronaval","19":"tag-fremm","20":"tag-interviews","21":"tag-littoral","22":"tag-marine","23":"tag-marine-nationale","24":"tag-maritime","25":"tag-mer","26":"tag-news","27":"tag-offshore","28":"tag-peche","29":"tag-reportages","30":"tag-sncm","31":"tag-stx","32":"tag-united-states","33":"tag-united-states-of-america","34":"tag-us","35":"tag-usa"},"share_on_mastodon":{"url":"https:\/\/pubeurope.com\/@fr\/114491983363020402","error":""},"_links":{"self":[{"href":"https:\/\/www.europesays.com\/fr\/wp-json\/wp\/v2\/posts\/92967","targetHints":{"allow":["GET"]}}],"collection":[{"href":"https:\/\/www.europesays.com\/fr\/wp-json\/wp\/v2\/posts"}],"about":[{"href":"https:\/\/www.europesays.com\/fr\/wp-json\/wp\/v2\/types\/post"}],"author":[{"embeddable":true,"href":"https:\/\/www.europesays.com\/fr\/wp-json\/wp\/v2\/users\/2"}],"replies":[{"embeddable":true,"href":"https:\/\/www.europesays.com\/fr\/wp-json\/wp\/v2\/comments?post=92967"}],"version-history":[{"count":0,"href":"https:\/\/www.europesays.com\/fr\/wp-json\/wp\/v2\/posts\/92967\/revisions"}],"wp:featuredmedia":[{"embeddable":true,"href":"https:\/\/www.europesays.com\/fr\/wp-json\/wp\/v2\/media\/92968"}],"wp:attachment":[{"href":"https:\/\/www.europesays.com\/fr\/wp-json\/wp\/v2\/media?parent=92967"}],"wp:term":[{"taxonomy":"category","embeddable":true,"href":"https:\/\/www.europesays.com\/fr\/wp-json\/wp\/v2\/categories?post=92967"},{"taxonomy":"post_tag","embeddable":true,"href":"https:\/\/www.europesays.com\/fr\/wp-json\/wp\/v2\/tags?post=92967"}],"curies":[{"name":"wp","href":"https:\/\/api.w.org\/{rel}","templated":true}]}}