{"id":92971,"date":"2025-05-12T00:17:19","date_gmt":"2025-05-12T00:17:19","guid":{"rendered":"https:\/\/www.europesays.com\/fr\/92971\/"},"modified":"2025-05-12T00:17:19","modified_gmt":"2025-05-12T00:17:19","slug":"en-allemagne-les-appels-en-ligne-depassent-lutilisation-du-reseau-mobile-classique-2","status":"publish","type":"post","link":"https:\/\/www.europesays.com\/fr\/92971\/","title":{"rendered":"En Allemagne, les appels en ligne d\u00e9passent l&rsquo;utilisation du r\u00e9seau mobile classique"},"content":{"rendered":"<p><img decoding=\"async\" class=\"w-full object-contain\" style=\"aspect-ratio:150 \/ 100;opacity:1\" alt=\"En Allemagne, les appels en ligne d\u00e9passent l'utilisation du r\u00e9seau mobile classique\" width=\"512\" height=\"341\" fetchpriority=\"high\" src=\"https:\/\/www.europesays.com\/fr\/wp-content\/uploads\/2025\/05\/1747009039_949_BCTPGIHGNBFLHD4HYERBNAT2Z4.jpg\"  \/><\/p>\n<p class=\"ap-StoryElement ap-StoryElement--mb ap-StoryText\">Les conversations vid\u00e9o ont \u00e9galement gagn\u00e9 en popularit\u00e9, passant de 143 milliards de minutes en 2022 \u00e0 184 milliards en 2024.<\/p>\n<p class=\"ap-StoryElement ap-StoryElement--mb ap-StoryText\">En revanche, le t\u00e9l\u00e9phone fixe est de plus en plus d\u00e9laiss\u00e9, avec seulement 57 milliards de minutes l&rsquo;ann\u00e9e derni\u00e8re contre encore 104 milliards en 2020.<\/p>\n<p class=\"ap-StoryElement ap-StoryElement--mb ap-StoryText\">La forme la plus courante de communication au quotidien reste toutefois le message envoy\u00e9 en ligne, qu&rsquo;il contienne textes, photos, messages vocaux, vid\u00e9os, emojis ou GIF.<\/p>\n","protected":false},"excerpt":{"rendered":"Les conversations vid\u00e9o ont \u00e9galement gagn\u00e9 en popularit\u00e9, passant de 143 milliards de minutes en 2022 \u00e0 184&hellip;\n","protected":false},"author":2,"featured_media":2837,"comment_status":"","ping_status":"","sticky":false,"template":"","format":"standard","meta":{"footnotes":""},"categories":[1587],"tags":[11,672,1804,1805,1803,1777,674,1801,310,12,1802,104,42,4301],"class_list":{"0":"post-92971","1":"post","2":"type-post","3":"status-publish","4":"format-standard","5":"has-post-thumbnail","7":"category-allemagne","8":"tag-actualites","9":"tag-allemagne","10":"tag-bundesrepublik-deutschland","11":"tag-de","12":"tag-deutschland","13":"tag-eu","14":"tag-europe","15":"tag-germany","16":"tag-internet","17":"tag-news","18":"tag-republique-federale-dallemagne","19":"tag-societe","20":"tag-technologies","21":"tag-telecoms"},"share_on_mastodon":{"url":"https:\/\/pubeurope.com\/@fr\/114491991477141455","error":""},"_links":{"self":[{"href":"https:\/\/www.europesays.com\/fr\/wp-json\/wp\/v2\/posts\/92971","targetHints":{"allow":["GET"]}}],"collection":[{"href":"https:\/\/www.europesays.com\/fr\/wp-json\/wp\/v2\/posts"}],"about":[{"href":"https:\/\/www.europesays.com\/fr\/wp-json\/wp\/v2\/types\/post"}],"author":[{"embeddable":true,"href":"https:\/\/www.europesays.com\/fr\/wp-json\/wp\/v2\/users\/2"}],"replies":[{"embeddable":true,"href":"https:\/\/www.europesays.com\/fr\/wp-json\/wp\/v2\/comments?post=92971"}],"version-history":[{"count":0,"href":"https:\/\/www.europesays.com\/fr\/wp-json\/wp\/v2\/posts\/92971\/revisions"}],"wp:featuredmedia":[{"embeddable":true,"href":"https:\/\/www.europesays.com\/fr\/wp-json\/wp\/v2\/media\/2837"}],"wp:attachment":[{"href":"https:\/\/www.europesays.com\/fr\/wp-json\/wp\/v2\/media?parent=92971"}],"wp:term":[{"taxonomy":"category","embeddable":true,"href":"https:\/\/www.europesays.com\/fr\/wp-json\/wp\/v2\/categories?post=92971"},{"taxonomy":"post_tag","embeddable":true,"href":"https:\/\/www.europesays.com\/fr\/wp-json\/wp\/v2\/tags?post=92971"}],"curies":[{"name":"wp","href":"https:\/\/api.w.org\/{rel}","templated":true}]}}