{"id":92972,"date":"2025-05-12T00:18:17","date_gmt":"2025-05-12T00:18:17","guid":{"rendered":"https:\/\/www.europesays.com\/fr\/92972\/"},"modified":"2025-05-12T00:18:17","modified_gmt":"2025-05-12T00:18:17","slug":"lalgerie-accelere-sa-transition-energetique-avec-leurope-premiers-resultats-pour-taqathy","status":"publish","type":"post","link":"https:\/\/www.europesays.com\/fr\/92972\/","title":{"rendered":"L&rsquo;Alg\u00e9rie acc\u00e9l\u00e8re sa transition \u00e9nerg\u00e9tique avec l&rsquo;Europe, premiers r\u00e9sultats pour Taqathy+"},"content":{"rendered":"<p><img loading=\"lazy\" decoding=\"async\" width=\"696\" height=\"392\" class=\"entry-thumb\" src=\"https:\/\/www.europesays.com\/fr\/wp-content\/uploads\/2025\/05\/hydrogene-vert-696x392.jpg\"   alt=\"hydrog\u00e8ne vert\" title=\"hydrog\u00e8ne vert\"\/>hydrog\u00e8ne vert<\/p>\n<p>Le 14 avril 2025, Alger \u00e9tait le th\u00e9\u00e2tre du lancement officiel de la nouvelle phase du programme Taqathy+. Cette initiative ambitieuse, dot\u00e9e d\u2019une enveloppe totale de 28 millions d\u2019euros, dont 13 millions financ\u00e9s par l\u2019Allemagne, s\u2019inscrit dans la feuille de route 2022-2029 de la transition \u00e9nerg\u00e9tique nationale. Un mois apr\u00e8s cette annonce, les premiers r\u00e9sultats et perspectives m\u00e9ritent d\u2019\u00eatre analys\u00e9s en profondeur.<\/p>\n<p>De la c\u00e9r\u00e9monie aux actions concr\u00e8tes : une mise en \u0153uvre m\u00e9thodique<\/p>\n<p>La transition entre l\u2019\u00e9v\u00e9nement protocolaire de signature et le d\u00e9but effectif des op\u00e9rations s\u2019est faite sans d\u00e9lai. D\u00e8s la fin avril, un comit\u00e9 de pilotage tripartite a \u00e9t\u00e9 constitu\u00e9, r\u00e9unissant des repr\u00e9sentants du minist\u00e8re alg\u00e9rien de l\u2019\u00c9nergie, de la D\u00e9l\u00e9gation de l\u2019Union europ\u00e9enne et de la <a href=\"https:\/\/www.giz.de\/en\/worldwide\/26472.html\" target=\"_blank\" rel=\"noopener nofollow\">GIZ Alg\u00e9rie<\/a>. La premi\u00e8re r\u00e9union technique, tenue le 22 avril \u00e0 Alger, a permis d\u2019\u00e9tablir clairement la structure de gouvernance du programme.<\/p>\n<p>Plus concr\u00e8tement encore, les cahiers des charges pour les appels d\u2019offres ont \u00e9t\u00e9 valid\u00e9s dans trois domaines strat\u00e9giques : les \u00e9tudes de faisabilit\u00e9, la cartographie des sites potentiels et la formulation des premi\u00e8res unit\u00e9s pilotes d\u00e9di\u00e9es \u00e0 l\u2019hydrog\u00e8ne vert.<\/p>\n<p>L\u2019importance sous-estim\u00e9e de la pr\u00e9paration logistique et administrative<\/p>\n<p>Les coulisses du projet t\u00e9moignent d\u2019une activit\u00e9 intense mais peu visible du grand public. La constitution des \u00e9quipes op\u00e9rationnelles est d\u00e9sormais compl\u00e8te, int\u00e9grant des bureaux d\u2019\u00e9tudes \u00e9nerg\u00e9tiques, des experts sp\u00e9cialis\u00e9s en hydrog\u00e8ne et des consultants juridiques pr\u00eats \u00e0 accompagner chaque phase du d\u00e9ploiement.<\/p>\n<p>Parall\u00e8lement, les proc\u00e9dures d\u2019acquisition des \u00e9quipements techniques essentiels sont en cours, notamment pour les an\u00e9mom\u00e8tres, <a href=\"https:\/\/www.afrik.com\/revolution-solaire-au-sahara-comment-l-algerie-prepare-la-plus-grande-usine-photovoltaique-du-maghreb-pour-eclairer-l-afrique-et-l-europe\" target=\"_blank\" rel=\"noopener nofollow\">capteurs solaires<\/a> et stations de suivi de r\u00e9seau qui fourniront les donn\u00e9es indispensables au dimensionnement optimal des futures installations. Cette phase pr\u00e9paratoire, souvent n\u00e9glig\u00e9e dans les communications, repr\u00e9sente pourtant le socle fondamental garantissant la r\u00e9ussite technique et financi\u00e8re de l\u2019ensemble du programme.<\/p>\n<p>Comprendre le temps de l\u2019action : une n\u00e9cessaire maturation<\/p>\n<p>Pour un observateur non averti, un mois peut sembler une p\u00e9riode insuffisante pour constater l\u2019\u00e9mergence des premi\u00e8res infrastructures visibles. Cependant, dans le contexte sp\u00e9cifique de la transition \u00e9nerg\u00e9tique et de la lutte contre le r\u00e9chauffement climatique, ce temps d\u2019\u00e9laboration est crucial. Il permet d\u2019assurer une conformit\u00e9 rigoureuse avec les normes environnementales tout en impliquant d\u00e8s les pr\u00e9mices du projet les autorit\u00e9s locales et les communaut\u00e9s riveraines, garantissant ainsi une meilleure acceptabilit\u00e9 sociale.<\/p>\n<p>Cette p\u00e9riode initiale autorise \u00e9galement une planification minutieuse du phasage des diff\u00e9rents chantiers, r\u00e9duisant significativement les risques d\u2019interruption de service et de d\u00e9passements budg\u00e9taires. Enfin, elle permet d\u2019initier les programmes de formation des futurs techniciens et ing\u00e9nieurs sp\u00e9cialis\u00e9s en \u00e9nergies renouvelables, comp\u00e9tences indispensables \u00e0 la p\u00e9rennit\u00e9 du dispositif.<\/p>\n<p>Des r\u00e9sultats tangibles malgr\u00e9 le court d\u00e9lai<\/p>\n<p>Malgr\u00e9 cette br\u00e8ve p\u00e9riode, plusieurs indicateurs t\u00e9moignent d\u00e9j\u00e0 de l\u2019efficacit\u00e9 de la d\u00e9marche engag\u00e9e. Deux r\u00e9gions strat\u00e9giques ont \u00e9t\u00e9 identifi\u00e9es pour accueillir les premi\u00e8res \u00e9tudes d\u00e9taill\u00e9es : l\u2019ouest alg\u00e9rien, notamment <a href=\"https:\/\/www.afrik.com\/oran-la-renaissance-touristique-d-une-ville-carrefour-de-la-mediterranee\" target=\"_blank\" rel=\"noopener nofollow\">la r\u00e9gion d\u2019Oran<\/a>, a \u00e9t\u00e9 s\u00e9lectionn\u00e9 pour d\u00e9velopper un projet combinant \u00e9nergie solaire et production d\u2019hydrog\u00e8ne, tandis que le sud du pays, particuli\u00e8rement la zone de Gharda\u00efa, accueillera une installation exploitant un mix solaire-\u00e9olien adapt\u00e9 aux conditions climatiques locales.<\/p>\n<p>Sur le terrain, les premi\u00e8res campagnes topographiques d\u00e9butent cette semaine avec l\u2019installation d\u2019an\u00e9mom\u00e8tres et de <a href=\"https:\/\/www.afrik.com\/l-energie-solaire-un-atout-pour-l-afrique\" target=\"_blank\" rel=\"noopener nofollow\">capteurs photovolta\u00efques<\/a> l\u00e9gers qui fourniront les donn\u00e9es essentielles pour finaliser la conception des installations. Le volet soci\u00e9tal n\u2019est pas en reste, puisque plus de quinze ateliers de sensibilisation r\u00e9unissant organisations non gouvernementales, universit\u00e9s et op\u00e9rateurs priv\u00e9s sont programm\u00e9s d\u2019ici fin juin pour co-construire les modalit\u00e9s d\u2019int\u00e9gration sociale et \u00e9conomique du projet dans les territoires concern\u00e9s.<\/p>\n<p>Perspectives et enjeux pour les prochaines \u00e9tapes<\/p>\n<p>L\u2019ambition de Taqathy+ est consid\u00e9rable : porter \u00e0 30% la part des \u00e9nergies renouvelables dans le mix \u00e9nerg\u00e9tique alg\u00e9rien et d\u00e9velopper un v\u00e9ritable p\u00f4le d\u2019excellence dans le domaine de l\u2019hydrog\u00e8ne vert d\u2019ici 2030. Pour atteindre ces objectifs dans les d\u00e9lais impartis, plusieurs d\u00e9fis devront \u00eatre relev\u00e9s.<\/p>\n<ul>\n<li>L\u2019acc\u00e9l\u00e9ration des proc\u00e9dures d\u2019appels d\u2019offres et l\u2019\u00e9limination des derniers obstacles administratifs au financement constituent une priorit\u00e9 absolue.<\/li>\n<li>Le renforcement des comp\u00e9tences locales repr\u00e9sente \u00e9galement un axe majeur, avec la n\u00e9cessit\u00e9 de mobiliser les \u00e9coles d\u2019ing\u00e9nieurs alg\u00e9riennes pour d\u00e9velopper des cursus sp\u00e9cialis\u00e9s r\u00e9pondant aux besoins sp\u00e9cifiques de cette nouvelle industrie.<\/li>\n<li>Enfin, la consolidation des partenariats public-priv\u00e9, notamment avec les acteurs europ\u00e9ens d\u00e9sireux de participer aux cha\u00eenes de valeur \u00e9mergentes, conditionnera la capacit\u00e9 du programme \u00e0 g\u00e9n\u00e9rer un \u00e9cosyst\u00e8me industriel complet et autonome.<\/li>\n<\/ul>\n<p>\u00a0<\/p>\n<p>\u00c0 mi-chemin entre l\u2019ambition m\u00e9diterran\u00e9enne de coop\u00e9ration \u00e9nerg\u00e9tique et les exigences op\u00e9rationnelles d\u2019un projet industriel complexe, le programme Taqathy+confirme qu\u2019une transition \u00e9nerg\u00e9tique r\u00e9ussie repose d\u2019abord sur une pr\u00e9paration rigoureuse. Les fondations sont d\u00e9sormais en place pour une mont\u00e9e en puissance vers un nouveau mod\u00e8le \u00e9nerg\u00e9tique pour l\u2019Alg\u00e9rie.<\/p>\n","protected":false},"excerpt":{"rendered":"hydrog\u00e8ne vert Le 14 avril 2025, Alger \u00e9tait le th\u00e9\u00e2tre du lancement officiel de la nouvelle phase du&hellip;\n","protected":false},"author":2,"featured_media":92973,"comment_status":"","ping_status":"","sticky":false,"template":"","format":"standard","meta":{"footnotes":""},"categories":[1586],"tags":[11,15,672,10463,2830,1777,674,1011,27,12,25],"class_list":{"0":"post-92972","1":"post","2":"type-post","3":"status-publish","4":"format-standard","5":"has-post-thumbnail","7":"category-europe","8":"tag-actualites","9":"tag-algerie","10":"tag-allemagne","11":"tag-cooperation","12":"tag-energies-renouvelables","13":"tag-eu","14":"tag-europe","15":"tag-fr","16":"tag-france","17":"tag-news","18":"tag-republique-francaise"},"share_on_mastodon":{"url":"https:\/\/pubeurope.com\/@fr\/114491995192383209","error":""},"_links":{"self":[{"href":"https:\/\/www.europesays.com\/fr\/wp-json\/wp\/v2\/posts\/92972","targetHints":{"allow":["GET"]}}],"collection":[{"href":"https:\/\/www.europesays.com\/fr\/wp-json\/wp\/v2\/posts"}],"about":[{"href":"https:\/\/www.europesays.com\/fr\/wp-json\/wp\/v2\/types\/post"}],"author":[{"embeddable":true,"href":"https:\/\/www.europesays.com\/fr\/wp-json\/wp\/v2\/users\/2"}],"replies":[{"embeddable":true,"href":"https:\/\/www.europesays.com\/fr\/wp-json\/wp\/v2\/comments?post=92972"}],"version-history":[{"count":0,"href":"https:\/\/www.europesays.com\/fr\/wp-json\/wp\/v2\/posts\/92972\/revisions"}],"wp:featuredmedia":[{"embeddable":true,"href":"https:\/\/www.europesays.com\/fr\/wp-json\/wp\/v2\/media\/92973"}],"wp:attachment":[{"href":"https:\/\/www.europesays.com\/fr\/wp-json\/wp\/v2\/media?parent=92972"}],"wp:term":[{"taxonomy":"category","embeddable":true,"href":"https:\/\/www.europesays.com\/fr\/wp-json\/wp\/v2\/categories?post=92972"},{"taxonomy":"post_tag","embeddable":true,"href":"https:\/\/www.europesays.com\/fr\/wp-json\/wp\/v2\/tags?post=92972"}],"curies":[{"name":"wp","href":"https:\/\/api.w.org\/{rel}","templated":true}]}}