{"id":9298,"date":"2025-04-08T03:37:12","date_gmt":"2025-04-08T03:37:12","guid":{"rendered":"https:\/\/www.europesays.com\/fr\/9298\/"},"modified":"2025-04-08T03:37:12","modified_gmt":"2025-04-08T03:37:12","slug":"comment-le-vietnam-reagit-il","status":"publish","type":"post","link":"https:\/\/www.europesays.com\/fr\/9298\/","title":{"rendered":"comment le Vietnam r\u00e9agit-il ?"},"content":{"rendered":"<p>&#13;<br \/>\n                        Les \u00c9tats-Unis imposent une taxe r\u00e9ciproque de 46% : comment le Vietnam r\u00e9agit-il ?&#13;\n                    <\/p>\n<p style=\"text-align:\">Face \u00e0 l\u2019annonce des \u00c9tats-Unis concernant l\u2019imposition d\u2019un droit de douane de 46% sur les exportations vietnamiennes, le gouvernement vietnamien a rapidement et de mani\u00e8re proactive mis en \u0153uvre une s\u00e9rie de mesures diplomatiques et \u00e9conomiques.<\/p>\n<p><a href=\"https:\/\/lecourrier.vn\/face-aux-mesures-tarifaires-americaines-le-vietnam-mise-sur-la-flexibilite-pour-limiter-les-impacts\/1280499.html\" title=\"Face aux mesures tarifaires am\u00e9ricaines, le Vietnam mise sur la flexibilit\u00e9 pour limiter les impacts\" rel=\"nofollow noopener\" target=\"_blank\">&gt;&gt; Face aux mesures tarifaires am\u00e9ricaines, le Vietnam mise sur la flexibilit\u00e9 pour limiter les impacts<\/a><\/p>\n<p><a href=\"https:\/\/lecourrier.vn\/negociations-tarifaires-vietnam-etats-unis-vers-un-accord-mutuellement-benefique\/1280578.html\" title=\"N\u00e9gociations tarifaires Vietnam-\u00c9tats-Unis : vers un accord mutuellement b\u00e9n\u00e9fique\" rel=\"nofollow noopener\" target=\"_blank\">&gt;&gt; N\u00e9gociations tarifaires Vietnam-\u00c9tats-Unis : vers un accord mutuellement b\u00e9n\u00e9fique<\/a><\/p>\n<p><a href=\"https:\/\/lecourrier.vn\/le-vietnam-mise-sur-la-flexibilite-et-garde-le-cap-de-croissance\/1280720.html\" title=\"Le Vietnam mise sur la flexibilit\u00e9 et garde le cap de croissance\" rel=\"nofollow noopener\" target=\"_blank\">&gt;&gt; Le Vietnam mise sur la flexibilit\u00e9 et garde le cap de croissance<\/a><\/p>\n<tr>\n<td class=\"pic\"><img decoding=\"async\" class=\"lazyload\" src=\"https:\/\/www.europesays.com\/fr\/wp-content\/uploads\/2025\/04\/101227-vna_potal_gdp_quy_i2025_cua_viet_nam_tang_cao_nhat_trong_vong_6_nam_7956644.jpeg\" alt=\"\"\/><\/td>\n<\/tr>\n<tr>\n<td class=\"caption\">Transformation de produits en bois pour exportation. <\/td>\n<\/tr>\n<tr align=\"right\">\n<td class=\"author\">Photo : VNA\/CVN<\/td>\n<\/tr>\n<p style=\"text-align:left\">Le 3 avril, peu apr\u00e8s la publication de la politique tarifaire am\u00e9ricaine, le gouvernement vietnamien a convoqu\u00e9 une r\u00e9union d\u2019urgence pour \u00e9valuer les impacts et proposer des solutions. Le ministre de l\u2019Industrie et du Commerce, Nguy\u00ean H\u00f4ng Di\u00ean, a adress\u00e9 une note diplomatique au Repr\u00e9sentant au commerce des \u00c9tats-Unis, sugg\u00e9rant le report de l\u2019application de la taxe r\u00e9ciproque afin de permettre des discussions suppl\u00e9mentaires en vue de solutions \u00e9quilibr\u00e9es. Il a \u00e9galement propos\u00e9 une conversation t\u00e9l\u00e9phonique dans les meilleurs d\u00e9lais.<\/p>\n<p style=\"text-align:left\">Le m\u00eame jour, le Premier ministre a sign\u00e9 la d\u00e9cision de cr\u00e9er un Groupe de travail sur la coop\u00e9ration renforc\u00e9e et l\u2019adaptation proactive aux ajustements de la politique \u00e9conomique et commerciale des \u00c9tats-Unis, pr\u00e9sid\u00e9 par le vice-Premier ministre B\u00f9i Thanh Son.<\/p>\n<p style=\"text-align:left\">Le 4 avril, le vice-Premier ministre H\u00f4 Duc Phoc a rencontr\u00e9 des entreprises exportatrices et les associations professionnelles pour \u00e9couter leurs difficult\u00e9s, recueillir leurs propositions et proposer des ajustements de taxes sur les produits import\u00e9s depuis les \u00c9tats-Unis, tout en favorisant les projets d\u2019investissements am\u00e9ricains au Vietnam.<\/p>\n<p style=\"text-align:left\">Le soir du m\u00eame jour, le secr\u00e9taire g\u00e9n\u00e9ral T\u00f4 L\u00e2m a eu un entretien t\u00e9l\u00e9phonique important avec le pr\u00e9sident am\u00e9ricain Donald Trump. Il a affirm\u00e9 que le Vietnam \u00e9tait pr\u00eat \u00e0 travailler avec les \u00c9tats-Unis pour ramener \u00e0 0% les droits d&rsquo;importation sur les produits en provenance des \u00c9tats-Unis, et a propos\u00e9 que les \u00c9tats-Unis fassent de m\u00eame avec les produits vietnamiens. Il a \u00e9galement d\u00e9clar\u00e9 que le Vietnam \u00e9tait pr\u00eat \u00e0  continuer d\u2019importer davantage de produits am\u00e9ricains et \u00e0 faciliter les investissements des entreprises am\u00e9ricaines.<\/p>\n<p style=\"text-align:left\">Les 5 et 6 avril, les efforts diplomatiques se sont poursuivis de mani\u00e8re intensive. Le vice-Premier ministre B\u00f9i Thanh Son a rencontr\u00e9 l\u2019ambassadeur des \u00c9tats-Unis au Vietnam, Marc E. Knapper, pour lui transmettre les messages du secr\u00e9taire g\u00e9n\u00e9ral To Lam. Il a \u00e9galement annonc\u00e9 que le secr\u00e9taire g\u00e9n\u00e9ral avait d\u00e9p\u00each\u00e9 un envoy\u00e9 sp\u00e9cial, le vice-Premier ministre H\u00f4 Duc Phoc, aux \u00c9tats-Unis afin de poursuivre la concr\u00e9tisation de ces contenus. Le vice-Premier ministre a en outre demand\u00e9 un report de l\u2019application de la taxe, laissant le temps n\u00e9cessaire aux n\u00e9gociations.<\/p>\n<p style=\"text-align:left\">Par ailleurs, le Premier ministre Pham Minh Chinh a \u00e9chang\u00e9 avec son homologue malaisien, Anwar Ibrahim, sur les efforts vietnamiens pour renforcer la coop\u00e9ration \u00e9conomique et commerciale avec les \u00c9tats-Unis, r\u00e9affirmant l\u2019objectif d\u2019un commerce \u00e9quilibr\u00e9 et \u00e9quitable et des int\u00e9r\u00eats harmonis\u00e9s.<\/p>\n<p style=\"text-align:left\">Lors de la r\u00e9union mensuelle du gouvernement et de la visioconf\u00e9rence entre le gouvernement et les localit\u00e9s, organis\u00e9es le 6 avril, le Premier ministre Pham Minh Chinh a \u00e9voqu\u00e9 les efforts diplomatiques d\u00e9ploy\u00e9s pour r\u00e9pondre aux demandes l\u00e9gitimes de la partie am\u00e9ricaine, sur la base d\u2019un \u00e9quilibre des int\u00e9r\u00eats et d\u2019un partage des risques.<\/p>\n<p style=\"text-align:left\"><b>Le Vietnam m\u00e9rite un traitement \u00e9quitable<\/b><\/p>\n<p style=\"text-align:left\">Un fait marquant est que le pr\u00e9sident Donald Trump a publi\u00e9 le contenu de son appel t\u00e9l\u00e9phonique avec le secr\u00e9taire g\u00e9n\u00e9ral T\u00f4 L\u00e2m sur le r\u00e9seau Truth Social. Il a d\u00e9clar\u00e9 : \u00ab\u00a0Je viens d\u2019avoir un appel tr\u00e8s productif avec T\u00f4 L\u00e2m, secr\u00e9taire g\u00e9n\u00e9ral du Parti communiste du Vietnam, qui m\u2019a dit que le Vietnam souhaitait ramener ses droits de douane \u00e0 Z\u00c9RO s\u2019il parvenait \u00e0 un accord avec les \u00c9tats-Unis\u00a0\u00bb.<\/p>\n<p style=\"text-align:left\">\u00ab\u00a0Je l\u2019ai remerci\u00e9 au nom de notre pays et lui ai dit que j\u2019attendais avec impatience une rencontre dans un avenir proche\u00a0\u00bb, a publi\u00e9 le pr\u00e9sident am\u00e9ricain sur Truth Social.<\/p>\n<p style=\"text-align:left\">Selon Pham Thi Ngoc Thuy, directrice du Bureau du Comit\u00e9 pour le d\u00e9veloppement de l\u2019\u00e9conomie priv\u00e9e, \u00ab\u00a0la nature de cet entretien t\u00e9l\u00e9phonique t\u00e9moigne d\u2019une r\u00e9action opportune et proactive de la part des dirigeants vietnamiens, tout en refl\u00e9tant un esprit constant de respect et de bonne volont\u00e9 dans la diplomatie \u00e9conomique ainsi que dans les relations avec les \u00c9tats-Unis\u00a0\u00bb.<\/p>\n<p style=\"text-align:left\">Le fait que le pr\u00e9sident Donald Trump ait publi\u00e9 sur sa page personnelle des informations concernant son entretien t\u00e9l\u00e9phonique avec le secr\u00e9taire g\u00e9n\u00e9ral T\u00f4 L\u00e2m est un d\u00e9tail tr\u00e8s particulier, \u00ab\u00a0montrant que dans les relations et les \u00e9changes commerciaux entre les deux pays, il existe une dimension particuli\u00e8re qui d\u00e9passe le cadre habituel\u00a0\u00bb.<\/p>\n<p style=\"text-align:left\">Bien que les n\u00e9gociations n\u00e9cessitent encore de nombreux travaux techniques, ce geste constitue un encouragement significatif pour la communaut\u00e9 des entreprises.<\/p>\n<p style=\"text-align:left\">Avant m\u00eame l\u2019annonce officielle de la taxe, le Vietnam avait d\u00e9j\u00e0 agi. D\u00e9but mars, le Premier ministre avait consacr\u00e9 plus de trois heures \u00e0 rencontrer les grandes entreprises am\u00e9ricaines au Vietnam.<\/p>\n<tr>\n<td class=\"pic\"><img decoding=\"async\" class=\"lazyload\" src=\"https:\/\/www.europesays.com\/fr\/wp-content\/uploads\/2025\/04\/102012-toa-dam-doanh-nghiep-hoa-ky.jpg\" alt=\"\"\/><\/td>\n<\/tr>\n<tr>\n<td class=\"caption\">Rencontre entre le Premier ministre Pham Minh Chinh, ainsi que les vice-Premiers ministres H\u00f4 Duc Phoc et Nguy\u00ean Chi Dung, avec des entreprises am\u00e9ricaines.\u00a0<\/td>\n<\/tr>\n<tr align=\"right\">\n<td class=\"author\">Photo : VNA\/CVN<\/td>\n<\/tr>\n<p style=\"text-align:left\">Le Vietnam a volontairement r\u00e9duit les droits d\u2019importation sur 23 lignes tarifaires, dont certaines \u00e0 0%, pour faciliter les activit\u00e9s des entreprises am\u00e9ricaines sur son march\u00e9.<\/p>\n<p style=\"text-align:left\">En parall\u00e8le, le pays a promu l\u2019importation de produits am\u00e9ricains \u00e0 travers des contrats d\u2019envergure : achat de 250 avions Boeing, de gaz naturel liqu\u00e9fi\u00e9 (GNL) pour 6 milliards de dollars, ainsi que d\u2019autres \u00e9quipements pour une valeur d\u00e9passant 90 milliards de dollars.<\/p>\n<p style=\"text-align:left\">Le ministre de l\u2019Agriculture et de l&rsquo;Environnement, D\u00f4 Duc Duy, a d\u00e9clar\u00e9 que le Vietnam faisait des efforts pour supprimer des barri\u00e8res techniques \u00e0 l\u2019importation de produits agricoles am\u00e9ricains tels que le ma\u00efs, le soja, les fruits, la viande de b\u0153uf et de poulet\u2026 Concernant les produits g\u00e9n\u00e9tiquement modifi\u00e9s, sur 61 dossiers soumis par les \u00c9tats-Unis, 60 ont d\u00e9j\u00e0 \u00e9t\u00e9 trait\u00e9s.<\/p>\n<p style=\"text-align:left\">Parall\u00e8lement, le minist\u00e8re des Finances a ordonn\u00e9 aux Douanes de renforcer le contr\u00f4le des origines, de lutter contre les d\u00e9tournements de provenance et la fraude commerciale\u2026<\/p>\n<p style=\"text-align:left\">Le vice-Premier ministre H\u00f4 Duc Phoc a affirm\u00e9 : \u00ab\u00a0Le Vietnam reste toujours proactif, de bonne volont\u00e9 et coop\u00e8re activement avec les \u00c9tats-Unis pour mener des n\u00e9gociations fiscales de mani\u00e8re \u00e9quitable, lutter contre le d\u00e9tournement de provenance des marchandises et promouvoir le commerce bilat\u00e9ral dans un esprit de b\u00e9n\u00e9fices mutuels\u00a0\u00bb..<\/p>\n<p style=\"text-align:left\">Le Docteur Nguy\u00ean Si Dung, ancien chef adjoint du Bureau de l\u2019Assembl\u00e9e nationale, a d\u00e9clar\u00e9 : \u00ab\u00a0Le Vietnam n\u2019a jamais cherch\u00e9 \u00e0 s\u2019enrichir de mani\u00e8re d\u00e9loyale. Le Vietnam ne manipule pas\u2026 Il participe s\u00e9rieusement au jeu mondial, par la force de son propre travail. Et c\u2019est pourquoi le Vietnam m\u00e9rite d\u2019\u00eatre trait\u00e9 \u00e9quitablement\u00a0\u00bb.<\/p>\n<p style=\"text-align:right\"><b>VNA\/CVN<\/b><\/p>\n","protected":false},"excerpt":{"rendered":"&#13; Les \u00c9tats-Unis imposent une taxe r\u00e9ciproque de 46% : comment le Vietnam r\u00e9agit-il ?&#13; Face \u00e0 l\u2019annonce&hellip;\n","protected":false},"author":2,"featured_media":9299,"comment_status":"","ping_status":"","sticky":false,"template":"","format":"standard","meta":{"footnotes":""},"categories":[1589],"tags":[11,4706,73,1866,12,3210,4704,1864,1865,1863,308,4705],"class_list":{"0":"post-9298","1":"post","2":"type-post","3":"status-publish","4":"format-standard","5":"has-post-thumbnail","7":"category-etats-unis","8":"tag-actualites","9":"tag-am","10":"tag-etats-unis","11":"tag-etats-unis-damerique","12":"tag-news","13":"tag-reaction","14":"tag-taxe-reciproque-de-46","15":"tag-united-states","16":"tag-united-states-of-america","17":"tag-us","18":"tag-usa","19":"tag-vietn"},"share_on_mastodon":{"url":"https:\/\/pubeurope.com\/@fr\/114300259293798744","error":""},"_links":{"self":[{"href":"https:\/\/www.europesays.com\/fr\/wp-json\/wp\/v2\/posts\/9298","targetHints":{"allow":["GET"]}}],"collection":[{"href":"https:\/\/www.europesays.com\/fr\/wp-json\/wp\/v2\/posts"}],"about":[{"href":"https:\/\/www.europesays.com\/fr\/wp-json\/wp\/v2\/types\/post"}],"author":[{"embeddable":true,"href":"https:\/\/www.europesays.com\/fr\/wp-json\/wp\/v2\/users\/2"}],"replies":[{"embeddable":true,"href":"https:\/\/www.europesays.com\/fr\/wp-json\/wp\/v2\/comments?post=9298"}],"version-history":[{"count":0,"href":"https:\/\/www.europesays.com\/fr\/wp-json\/wp\/v2\/posts\/9298\/revisions"}],"wp:featuredmedia":[{"embeddable":true,"href":"https:\/\/www.europesays.com\/fr\/wp-json\/wp\/v2\/media\/9299"}],"wp:attachment":[{"href":"https:\/\/www.europesays.com\/fr\/wp-json\/wp\/v2\/media?parent=9298"}],"wp:term":[{"taxonomy":"category","embeddable":true,"href":"https:\/\/www.europesays.com\/fr\/wp-json\/wp\/v2\/categories?post=9298"},{"taxonomy":"post_tag","embeddable":true,"href":"https:\/\/www.europesays.com\/fr\/wp-json\/wp\/v2\/tags?post=9298"}],"curies":[{"name":"wp","href":"https:\/\/api.w.org\/{rel}","templated":true}]}}