{"id":93003,"date":"2025-05-12T00:35:12","date_gmt":"2025-05-12T00:35:12","guid":{"rendered":"https:\/\/www.europesays.com\/fr\/93003\/"},"modified":"2025-05-12T00:35:12","modified_gmt":"2025-05-12T00:35:12","slug":"lui-dire-que-je-lui-pardonne-abandonnee-dans-une-boite-a-chaussures-jade-aimerait-retrouver-sa-mere-biologique","status":"publish","type":"post","link":"https:\/\/www.europesays.com\/fr\/93003\/","title":{"rendered":"\u00ab\u00a0Lui dire que je lui pardonne\u00a0\u00bb : abandonn\u00e9e dans une bo\u00eete \u00e0 chaussures, Jade aimerait retrouver sa m\u00e8re biologique"},"content":{"rendered":"<p>Jade n\u2019avait que quelques heures quand elle a \u00e9t\u00e9 d\u00e9couverte dans une bo\u00eete \u00e0 chaussures au pied d&rsquo;un immeuble d&rsquo;Argenteuil.La jeune femme a 20 ans aujourd\u2019hui et a appris beaucoup de choses sur sa m\u00e8re biologique.Elle esp\u00e8re la retrouver gr\u00e2ce \u00e0 son t\u00e9moignage ce dimanche soir dans le portrait de la semaine d&rsquo;Audrey Crespo-Mara.<a href=\"https:\/\/www.tf1info.fr\/emission\/sept-a-huit-10825\/\" rel=\"noopener\" class=\"jsx-3118104007 Link jsx-1428418400 jsx-640816507\" target=\"_blank\"><\/p>\n<p style=\"font-weight:400\" class=\"jsx-1837267516\">Suivez la couverture compl\u00e8te<\/p>\n<p style=\"font-weight:800\" class=\"jsx-1837267516\">Sept \u00e0 huit<\/p>\n<p><\/a><\/p>\n<p data-module=\"article-paragraph\" class=\"jsx-362436225 Paragraph\">La vie de Jade ne tenait qu\u2019\u00e0 un fil lorsqu\u2019elle a \u00e9t\u00e9 d\u00e9couverte <a href=\"https:\/\/www.tf1info.fr\/societe\/video-abandonnee-dans-une-boite-a-chaussure-a-la-naissance-jade-temoigne-vingt-ans-plus-tard-dans-bonjour-la-matinale-tf1-5001-2364975.html\" target=\"_blank\" rel=\"noopener\">dans une bo\u00eete \u00e0 chaussures<\/a>, au pied d&rsquo;un immeuble d&rsquo;Argenteuil, dans le Val-d\u2019Oise. Vingt ans plus tard, elle raconte : \u00ab\u00a0C&rsquo;est ma m\u00e8re biologique qui m&rsquo;a d\u00e9pos\u00e9e (&#8230;) Elle avait accouch\u00e9 quelques heures avant. Elle avait coup\u00e9 le cordon ombilical, mais il n&rsquo;\u00e9tait pas clamps\u00e9. J&rsquo;\u00e9tais nue (&#8230;) J&rsquo;avais seulement un petit drap sur moi. On \u00e9tait au mois de novembre donc il faisait quand m\u00eame tr\u00e8s froid. J&rsquo;\u00e9tais en hypothermie, \u00e0 32 degr\u00e9s\u00a0\u00bb, dit-elle dans le \u00ab\u00a0Portrait de la semaine\u00a0\u00bb, dont le replay est visible en t\u00eate de cet article.\u00a0<\/p>\n<p data-module=\"article-paragraph\" class=\"jsx-362436225 Paragraph Paragraph__End\">La jeune femme doit finalement son salut \u00e0 une passante. \u00ab\u00a0Elle a vu une boule bleue, mais elle pensait que c&rsquo;\u00e9tait simplement une poup\u00e9e, donc elle n&rsquo;y a pas pr\u00eat\u00e9 attention\u00a0\u00bb, pr\u00e9cise-t-elle. Et d&rsquo;ajouter : \u00ab\u00a0J&rsquo;aurais donn\u00e9 un petit coup au niveau du bras. Et c&rsquo;est l\u00e0 qu&rsquo;elle a donn\u00e9 un coup d&rsquo;\u0153il furtif et qu&rsquo;elle s&rsquo;est retourn\u00e9e. Elle a vu que c&rsquo;\u00e9tait un b\u00e9b\u00e9. Ce qui fait qu&rsquo;elle m&rsquo;a ramen\u00e9e directement chez sa maman dans l&rsquo;immeuble. Sa maman m&rsquo;a donn\u00e9 les premiers soins (&#8230;) Pour que je puisse retrouver un petit peu plus de force. Au d\u00e9part, elle pensait vraiment que je n&rsquo;allais pas survivre\u00a0\u00bb.\u00a0<\/p>\n<blockquote class=\"jsx-2786790838 Quote__Text\"><p>J&rsquo;ai \u00e9t\u00e9 adopt\u00e9e au bout de quatre mois et demi. Quand ils m&rsquo;ont vue pour la premi\u00e8re fois, ils me l&rsquo;ont dit, \u00e7a a \u00e9t\u00e9 un coup de foudre r\u00e9ciproque<\/p><\/blockquote>\n<p>Jade<\/p>\n<p data-module=\"article-paragraph\" class=\"jsx-362436225 Paragraph\">Jade est en quelque sorte une miracul\u00e9e. \u00ab\u00a0C&rsquo;est vrai que j&rsquo;aurais tr\u00e8s bien pu ce jour-l\u00e0 ne pas bouger mon bras. Ce tout petit coup m&rsquo;a sauv\u00e9e la vie. Et si je ne l&rsquo;avais pas fait, je ne serais pas l\u00e0 o\u00f9 je suis aujourd&rsquo;hui\u00a0\u00bb, admet-elle. Confi\u00e9 \u00e0 l&rsquo;aide sociale \u00e0 l&rsquo;enfance, le nourrisson est rapidement adopt\u00e9 par un couple qui habite dans les Landes. \u00ab\u00a0J&rsquo;ai \u00e9t\u00e9 adopt\u00e9e au bout de quatre mois et demi. Quand ils m&rsquo;ont vue pour la premi\u00e8re fois, ils me l&rsquo;ont dit, \u00e7a a \u00e9t\u00e9 un coup de foudre r\u00e9ciproque. Ils savaient que c&rsquo;\u00e9tait moi et que j&rsquo;allais \u00eatre leur fille, que j&rsquo;allais \u00eatre leur seul enfant\u00a0\u00bb, souligne-t-elle. Cette enfance, Jade la qualifie de \u00ab\u00a0merveilleuse\u00a0\u00bb. \u00ab\u00a0J&rsquo;ai que des bons souvenirs. J&rsquo;ai eu la chance de grandir dans un super cadre, pr\u00e8s de la mer, la campagne. J&rsquo;ai vraiment eu une enfance magique. Et comme je suis une fille unique et adopt\u00e9e, c&rsquo;est vrai que les liens avec mes parents sont tr\u00e8s forts. On est tr\u00e8s fusionnels. Je sais que \u00e7a ne changera jamais\u00a0\u00bb, l\u00e2che-t-elle.\u00a0<\/p>\n<p data-module=\"article-paragraph\" class=\"jsx-362436225 Paragraph Paragraph__End\">Tr\u00e8s vite, ses parents adoptifs lui racontent les circonstances de son adoption. \u00ab\u00a0Ils me disent que j&rsquo;ai \u00e9t\u00e9 abandonn\u00e9e par ma m\u00e8re biologique, mais qu&rsquo;il y avait des raisons derri\u00e8re \u00e7a. Ils ne m&rsquo;expliquent pas les raisons, bien s\u00fbr. S\u00fbrement parce que je suis quand m\u00eame assez petite\u00a0\u00bb, suppose-t-elle. Apprenant qu&rsquo;elle a \u00e9t\u00e9 laiss\u00e9 dans une bo\u00eete \u00e0 chaussures, en plein mois de novembre, Jade a du mal \u00e0 ne pas en vouloir \u00e0 la femme qui l&rsquo;a mise au monde. \u00ab\u00a0Je ressens beaucoup de col\u00e8re (&#8230;) C&rsquo;est vrai qu&rsquo;\u00e0 l&rsquo;\u00e9poque je me dis que c&rsquo;est quand m\u00eame de l&rsquo;inconscience, et que je ne peux pas avoir un autre ressentiment que de la col\u00e8re et de la haine. Parce que je me dis que j&rsquo;aurais pu d\u00e9c\u00e9der ce jour-l\u00e0\u00a0\u00bb, avance-t-elle. Malgr\u00e9 tout, \u00e0 14 ans, l&rsquo;adolescente va chercher \u00e0 obtenir des informations sur sa m\u00e8re biologique. Elle en d\u00e9voile les raisons. \u00ab\u00a0Je me pose beaucoup de questions sur ma ressemblance. Quand je me pr\u00e9pare le matin, des fois, je me bloque devant le miroir et je me dis : &lsquo;Mais j&rsquo;ai les yeux de qui ?&rsquo;, &lsquo;Je ressemble \u00e0 qui ?&rsquo; Et quand on me pose la question, je ne sais pas quoi dire\u00a0\u00bb, regrette-t-elle.<\/p>\n<p>\u00ab\u00a0Le plus grand traumatisme de ma vie\u00a0\u00bb<\/p>\n<p data-module=\"article-paragraph\" class=\"jsx-362436225 Paragraph\">R\u00e9sultat, Jade finit par entamer des d\u00e9marches. \u00ab\u00a0J&rsquo;ai contact\u00e9 l&rsquo;organisme pour l&rsquo;acc\u00e8s aux origines personnelles qui m&rsquo;a transf\u00e9r\u00e9 vers une assistante sociale. Elle contacte mon grand-p\u00e8re biologique qui au d\u00e9part ne r\u00e9pond pas, qui ignore les appels. Et un jour, il a \u00e9t\u00e9 oblig\u00e9 de r\u00e9pondre et il a dit qu&rsquo;il ne souhaitait pas me rencontrer parce que \u00e7a risquait de faire exploser la famille et de rompre un peu l&rsquo;\u00e9quilibre familial\u00a0\u00bb, d\u00e9taille-t-elle. Un aveu qui fait vaciller la jeune femme. \u00ab\u00a0\u00c7a a \u00e9t\u00e9 tr\u00e8s dur \u00e0 assimiler (&#8230;) Je me ressens en fait abandonn\u00e9e une deuxi\u00e8me fois, donc je revis le plus grand traumatisme de ma vie\u00a0\u00bb, confie-t-elle. Et de pr\u00e9ciser : \u00ab\u00a0Je ne comprends pas comment \u00e7a peut rompre l&rsquo;\u00e9quilibre familial alors que je suis quand m\u00eame sa petite fille. La fille de sa propre fille. Le probl\u00e8me, c&rsquo;est que comme elle \u00e9tait sous tutelle ou curatelle, c&rsquo;est lui qui avait le contr\u00f4le sur ses d\u00e9cisions. Ce qui fait que si lui ne souhaitait pas, elle ne pouvait pas non plus me contacter\u00a0\u00bb, apprend-elle.\u00a0<\/p>\n<p data-module=\"article-paragraph\" class=\"jsx-362436225 Paragraph Paragraph__End\">Jade d\u00e9couvre par ailleurs que sa m\u00e8re biologique a \u00e9t\u00e9 retrouv\u00e9e huit mois apr\u00e8s sa naissance, gr\u00e2ce au code-barre de la bo\u00eete \u00e0 chaussure dans laquelle elle avait \u00e9t\u00e9 d\u00e9pos\u00e9e. Elle a \u00e9t\u00e9 jug\u00e9e coupable de \u00ab\u00a0d\u00e9laissement d\u2019enfant\u00a0\u00bb en mai 2006 par le tribunal correctionnel de Pontoise, mais a \u00e9t\u00e9 dispens\u00e9e de peine au vu de sa d\u00e9tresse. \u00ab\u00a0J&rsquo;apprends qu&rsquo;elle avait 32 ans \u00e0 l&rsquo;\u00e9poque. Qu&rsquo;elle \u00e9tait dans une tr\u00e8s grande pr\u00e9carit\u00e9 sociale, financi\u00e8re. Qu&rsquo;elle avait un l\u00e9ger retard mental, donc qu&rsquo;elle n&rsquo;\u00e9tait pas dans la capacit\u00e9 de s&rsquo;occuper d&rsquo;un enfant. Et puis, elle a fait un d\u00e9ni de grossesse. Quand elle s&rsquo;est aper\u00e7ue qu&rsquo;elle \u00e9tait enceinte au bout de cinq mois, elle n&rsquo;avait plus le choix d&rsquo;avorter ou de garder l&rsquo;enfant. Elle a d\u00fb mener cette grossesse \u00e0 terme\u00a0\u00bb, affirme-t-elle.\u00a0<\/p>\n<ul class=\"jsx-3657663356 ReadMoreArticle__List flex flex-column\">\n<li class=\"jsx-3657663356\"><a href=\"https:\/\/www.tf1info.fr\/societe\/30-ans-apres-la-naissance-de-son-enfant-peut-on-decider-de-ne-plus-le-reconnaitre-2346705.html\" rel=\"noopener\" class=\"jsx-4233824444 Link flex\" target=\"_blank\"><img decoding=\"async\" src=\"https:\/\/www.europesays.com\/fr\/wp-content\/uploads\/2025\/05\/nouveau-ne-enfant-naissance-687f6d-0@1x.jpeg\" alt=\"Lire aussi\" loading=\"lazy\" importance=\"low\" fetchpriority=\"low\" class=\"\"\/>\n<p class=\"jsx-3657663356 ReadMoreArticle__Title\">Lire aussi<\/p>\n<p class=\"jsx-3657663356\">30 ans apr\u00e8s la naissance de son enfant, peut-on d\u00e9cider de ne plus le reconna\u00eetre ?<\/p>\n<p><\/a><\/li>\n<\/ul>\n<p data-module=\"article-paragraph\" class=\"jsx-362436225 Paragraph Paragraph__End\">Toutes ces r\u00e9v\u00e9lations font comprendre \u00e0 Jade qu&rsquo;elle doit lui pardonner. \u00ab\u00a0Le pardon, c&rsquo;est la cl\u00e9 de tout\u00a0\u00bb, lance-t-elle. Alors arm\u00e9e d&rsquo;un pr\u00e9nom et d&rsquo;un nom, Jade cherche cette femme \u00ab\u00a0sur les r\u00e9seaux sociaux, sur internet, dans les Pages Jaunes\u00a0\u00bb. Mais elle ne d\u00e9sesp\u00e8re pas de la retrouver. \u00ab\u00a0Pour lui dire que je lui pardonne, que je ne lui en veux pas. Parce qu&rsquo;elle doit avoir encore une culpabilit\u00e9 \u00e0 l&rsquo;heure actuelle. Parce que je pense que ce n&rsquo;est pas quelque chose qui peut nous quitter aussi facilement. Donc qu&rsquo;elle puisse vivre la conscience tranquille, qu&rsquo;elle sache que je vais bien, que j&rsquo;ai une belle vie\u00a0\u00bb, atteste-t-elle. Et une question la taraude. \u00ab\u00a0J&rsquo;aimerais lui demander si, quand elle m&rsquo;a vue, elle m&rsquo;a aim\u00e9e\u00a0\u00bb, confie-t-elle, avec un secret espoir : \u00ab\u00a0Si elle regarde la t\u00e9l\u00e9, elle aura peut-\u00eatre envie d&rsquo;essayer de me retrouver par ses propres moyens. J&rsquo;aimerais vraiment la rencontrer. C&rsquo;est \u00e7a que j&rsquo;attends ce soir\u00a0\u00bb, conclut-elle.<\/p>\n<p>Virginie FAUROUX | Propos recueillis par Audrey CRESPO-MARA<\/p>\n","protected":false},"excerpt":{"rendered":"Jade n\u2019avait que quelques heures quand elle a \u00e9t\u00e9 d\u00e9couverte dans une bo\u00eete \u00e0 chaussures au pied d&rsquo;un&hellip;\n","protected":false},"author":2,"featured_media":93004,"comment_status":"","ping_status":"","sticky":false,"template":"","format":"standard","meta":{"footnotes":""},"categories":[1356],"tags":[1111,11,1921,58,59,1011,27,1922,17978,252,1364,1125,133,5010],"class_list":{"0":"post-93003","1":"post","2":"type-post","3":"status-publish","4":"format-standard","5":"has-post-thumbnail","7":"category-television","8":"tag-actu","9":"tag-actualites","10":"tag-article-video","11":"tag-divertissement","12":"tag-entertainment","13":"tag-fr","14":"tag-france","15":"tag-info","16":"tag-sept-a-huit","17":"tag-television","18":"tag-tv","19":"tag-val-de-marne","20":"tag-video","21":"tag-video-sujets-de-societe"},"share_on_mastodon":{"url":"https:\/\/pubeurope.com\/@fr\/114492062727715677","error":""},"_links":{"self":[{"href":"https:\/\/www.europesays.com\/fr\/wp-json\/wp\/v2\/posts\/93003","targetHints":{"allow":["GET"]}}],"collection":[{"href":"https:\/\/www.europesays.com\/fr\/wp-json\/wp\/v2\/posts"}],"about":[{"href":"https:\/\/www.europesays.com\/fr\/wp-json\/wp\/v2\/types\/post"}],"author":[{"embeddable":true,"href":"https:\/\/www.europesays.com\/fr\/wp-json\/wp\/v2\/users\/2"}],"replies":[{"embeddable":true,"href":"https:\/\/www.europesays.com\/fr\/wp-json\/wp\/v2\/comments?post=93003"}],"version-history":[{"count":0,"href":"https:\/\/www.europesays.com\/fr\/wp-json\/wp\/v2\/posts\/93003\/revisions"}],"wp:featuredmedia":[{"embeddable":true,"href":"https:\/\/www.europesays.com\/fr\/wp-json\/wp\/v2\/media\/93004"}],"wp:attachment":[{"href":"https:\/\/www.europesays.com\/fr\/wp-json\/wp\/v2\/media?parent=93003"}],"wp:term":[{"taxonomy":"category","embeddable":true,"href":"https:\/\/www.europesays.com\/fr\/wp-json\/wp\/v2\/categories?post=93003"},{"taxonomy":"post_tag","embeddable":true,"href":"https:\/\/www.europesays.com\/fr\/wp-json\/wp\/v2\/tags?post=93003"}],"curies":[{"name":"wp","href":"https:\/\/api.w.org\/{rel}","templated":true}]}}