{"id":930376,"date":"2026-05-13T15:07:16","date_gmt":"2026-05-13T15:07:16","guid":{"rendered":"https:\/\/www.europesays.com\/fr\/930376\/"},"modified":"2026-05-13T15:07:16","modified_gmt":"2026-05-13T15:07:16","slug":"david-lisnard-pourquoi-il-etait-important-que-le-film-labandon-sur-samuel-paty-soit-projete-a-cannes","status":"publish","type":"post","link":"https:\/\/www.europesays.com\/fr\/930376\/","title":{"rendered":"David Lisnard : \u00abPourquoi il \u00e9tait important que le film L\u2019Abandon, sur Samuel Paty, soit projet\u00e9 \u00e0 Cannes\u00bb"},"content":{"rendered":"<p>\n    <strong>TRIBUNE &#8211;<\/strong> Pr\u00e9sent\u00e9 ce mercredi soir hors comp\u00e9tition, le film r\u00e9alis\u00e9 par Vincent Garenq retrace les onze derniers jours de Samuel Paty. Un film qui montre la r\u00e9alit\u00e9 sans la romancer, et dont le titre suffit \u00e0 dire ce qu\u2019il faut combattre\u00a0: l\u2019abandon dont sont victimes les enseignants face \u00e0 la menace islamiste, souligne le maire de Cannes.<\/p>\n<p class=\"fig-paragraph\">*\u00a0<a href=\"http:\/\/www.lefigaro.fr\/festival-de-cannes\/david-lisnard-reclame-une-offensive-antidrogue-pendant-le-festival-de-cannes-20260423\" data-fig-type=\"NewsFlash\" data-gtm-custom-categorie=\"navigation\" data-gtm-custom-action=\"crossclick\" data-gtm-custom-label=\"Contextuel\" data-gtm-event=\"customEventSPE\" data-fig-domain=\"LEFIGARO\" rel=\"nofollow noopener\" target=\"_blank\">David Lisnard<\/a> \u00a0est maire de Cannes et pr\u00e9sident de Nouvelle \u00c9nergie.<\/p>\n<p class=\"fig-paragraph\">Le\u00a0<a href=\"https:\/\/www.lefigaro.fr\/festival-de-cannes\" data-fig-type=\"Section\" data-gtm-custom-categorie=\"navigation\" data-gtm-custom-action=\"crossclick\" data-gtm-custom-label=\"Contextuel\" data-gtm-event=\"customEventSPE\" data-fig-domain=\"LEFIGARO\" rel=\"nofollow noopener\" target=\"_blank\">Festival de Cannes<\/a>\u00a0pr\u00e9sente ce mercredi soir, hors comp\u00e9tition,\u00a0<a href=\"http:\/\/www.lefigaro.fr\/festival-de-cannes\/notre-critique-de-l-abandon-le-meilleur-du-cinema-pour-rendre-hommage-a-samuel-paty-20260513\" data-fig-type=\"Article\" data-gtm-custom-categorie=\"navigation\" data-gtm-custom-action=\"crossclick\" data-gtm-custom-label=\"Contextuel\" data-gtm-event=\"customEventSPE\" data-fig-domain=\"LEFIGARO\" rel=\"nofollow noopener\" target=\"_blank\">L\u2019Abandon, un film de Vincent Garenq<\/a>\u00a0consacr\u00e9 aux onze derniers jours de Samuel Paty. Je veux saluer sa direction d\u2019avoir pris cette d\u00e9cision.<\/p>\n<p class=\"fig-paragraph\">En s\u2019appuyant sur les actes du proc\u00e8s, les pi\u00e8ces \u00e0 conviction et les courriels du professeur lui-m\u00eame, ce film, auquel Micka\u00eblle Paty, la s\u0153ur de Samuel, a \u00e9t\u00e9 \u00e9troitement associ\u00e9e, ne romance rien. Il restitue et rend compte. Samuel Paty a \u00e9t\u00e9 d\u00e9capit\u00e9 le 16\u00a0octobre 2020 \u00e0 la sortie de son coll\u00e8ge, \u00e0 Conflans-Sainte-Honorine, par un terroriste islamiste tch\u00e9tch\u00e8ne. Il enseignait l\u2019histoire-g\u00e9ographie et l\u2019enseignement moral et civique. Son crime\u00a0? Avoir montr\u00e9, dans un cours sur la libert\u00e9 d\u2019expression, les caricatures de Mahomet publi\u00e9es par Charlie Hebdo.<\/p>\n<p class=\"fig-paragraph\">Son assassin ne le connaissait pas. Il a agi \u00e0 l\u2019issue d\u2019une campagne de haine d\u00e9clench\u00e9e par le mensonge d\u2019une \u00e9l\u00e8ve absente de ce cours, relay\u00e9 par son\u2026<\/p>\n<p class=\"fig-premium-paywall__infos\">\n        Cet article est r\u00e9serv\u00e9 aux abonn\u00e9s.        Il vous reste 83% \u00e0 d\u00e9couvrir.\n    <\/p>\n<p>                <img  data- alt=\"Le Figaro\" class=\"fig-img--complete fig-img\"\/><\/p>\n<p class=\"fig-premium-paywall__title\">Vente Flash<\/p>\n<p class=\"fig-premium-paywall__subtitle\">-70% sur votre abonnement. Sans engagement.<\/p>\n<p class=\"fig-premium-paywall__connect\">\n                D\u00e9j\u00e0 abonn\u00e9\u00a0?                <a class=\"fig-premium-paywall__connect-link\" href=\"https:\/\/connect.lefigaro.fr\/login?client=horizon_web&amp;type=main&amp;redirect_uri=https%3A%2F%2Fwww.lefigaro.fr%2Fvox%2Fculture%2Fdavid-lisnard-pourquoi-il-etait-important-que-le-film-l-abandon-sur-samuel-paty-soit-projete-a-cannes-20260513\" data-js-gtm=\"{&quot;event&quot;:&quot;customEventGA4&quot;,&quot;eventName&quot;:&quot;click_action&quot;,&quot;feature&quot;:&quot;paywall&quot;,&quot;location&quot;:&quot;paywall&quot;,&quot;button_action&quot;:&quot;connect&quot;,&quot;click_text&quot;:&quot;Connectez-vous&quot;}\" rel=\"nofollow noopener\" target=\"_blank\"><br \/>\n                    Connectez-vous<br \/>\n                <\/a>\n            <\/p>\n","protected":false},"excerpt":{"rendered":"TRIBUNE &#8211; Pr\u00e9sent\u00e9 ce mercredi soir hors comp\u00e9tition, le film r\u00e9alis\u00e9 par Vincent Garenq retrace les onze derniers&hellip;\n","protected":false},"author":2,"featured_media":930377,"comment_status":"","ping_status":"","sticky":false,"template":"","format":"standard","meta":{"footnotes":"","_share_on_mastodon":"0"},"categories":[8],"tags":[58,59,5634,1011,27,35490],"class_list":["post-930376","post","type-post","status-publish","format-standard","has-post-thumbnail","category-divertissement","tag-divertissement","tag-entertainment","tag-festival-de-cannes","tag-fr","tag-france","tag-samuel-paty"],"share_on_mastodon":{"url":"https:\/\/pubeurope.com\/@fr\/116567896694210859","error":""},"_links":{"self":[{"href":"https:\/\/www.europesays.com\/fr\/wp-json\/wp\/v2\/posts\/930376","targetHints":{"allow":["GET"]}}],"collection":[{"href":"https:\/\/www.europesays.com\/fr\/wp-json\/wp\/v2\/posts"}],"about":[{"href":"https:\/\/www.europesays.com\/fr\/wp-json\/wp\/v2\/types\/post"}],"author":[{"embeddable":true,"href":"https:\/\/www.europesays.com\/fr\/wp-json\/wp\/v2\/users\/2"}],"replies":[{"embeddable":true,"href":"https:\/\/www.europesays.com\/fr\/wp-json\/wp\/v2\/comments?post=930376"}],"version-history":[{"count":0,"href":"https:\/\/www.europesays.com\/fr\/wp-json\/wp\/v2\/posts\/930376\/revisions"}],"wp:featuredmedia":[{"embeddable":true,"href":"https:\/\/www.europesays.com\/fr\/wp-json\/wp\/v2\/media\/930377"}],"wp:attachment":[{"href":"https:\/\/www.europesays.com\/fr\/wp-json\/wp\/v2\/media?parent=930376"}],"wp:term":[{"taxonomy":"category","embeddable":true,"href":"https:\/\/www.europesays.com\/fr\/wp-json\/wp\/v2\/categories?post=930376"},{"taxonomy":"post_tag","embeddable":true,"href":"https:\/\/www.europesays.com\/fr\/wp-json\/wp\/v2\/tags?post=930376"}],"curies":[{"name":"wp","href":"https:\/\/api.w.org\/{rel}","templated":true}]}}