{"id":93107,"date":"2025-05-12T01:39:09","date_gmt":"2025-05-12T01:39:09","guid":{"rendered":"https:\/\/www.europesays.com\/fr\/93107\/"},"modified":"2025-05-12T01:39:09","modified_gmt":"2025-05-12T01:39:09","slug":"giro-tour-ditalie-le-point-du-general-apres-trois-jours-des-cadors-ont-perdu-gros","status":"publish","type":"post","link":"https:\/\/www.europesays.com\/fr\/93107\/","title":{"rendered":"Giro. Tour d&rsquo;Italie &#8211; Le point du G\u00e9n\u00e9ral apr\u00e8s trois jours&#8230; des cadors ont perdu gros"},"content":{"rendered":"<p>L\u2019Albanie, c\u2019est fini ! Apr\u00e8s trois jours pass\u00e9s au pays des Aigles, le peloton du <strong><a href=\"https:\/\/www.cyclismactu.net\/..\/news-giro-route-tour-d-italie-mads-pedersen-remporte-3e-etape-et-reprend-maillot-rose-87797.html\" target=\"_blank\" rel=\"nofollow noopener\">108e Giro d\u2019Italia<\/a><\/strong> va quitter le territoire albanais pour revenir en Italie. Deux \u00e9tapes vallonn\u00e9es et un contre-la-montre assez court : ces trois premi\u00e8res journ\u00e9es ont d\u00e9j\u00e0 donn\u00e9 quelques indications sur l\u2019\u00e9tat de forme des pr\u00e9tendants au podium. Si <strong>Primoz Roglic<\/strong> (Red Bull-BORA-hansgrohe) semble en grande condition, d\u2019autres comme <strong>Derek Gee<\/strong> (Israel-Premier Tech) ou <strong>Thymen Arensman<\/strong> (INEOS Grenadiers) ont d\u00e9j\u00e0 conc\u00e9d\u00e9 du temps. Un seul leader est malheureusement d\u00e9j\u00e0 hors course : <strong>Mikel Landa<\/strong> (Soudal Quick-Step), <a href=\"https:\/\/www.cyclismactu.net\/..\/news-tour-d-italie-route-mikel-landa-fracture-d-une-vertebre-tour-en-sursis-87766.html\" target=\"_blank\" rel=\"nofollow noopener\">victime d\u2019une grave chute vendredi.<\/a><\/p>\n<p>Vid\u00e9o &#8211; Mads Pedersen a remport\u00e9 la 3e \u00e9tape dimanche Lire la suite de l&rsquo;article&#13;<\/p>\n<p>\u00a0<\/p>\n<p>&#13;<br \/>\nLe point&#13;<\/p>\n<p><strong>Primoz Roglic<\/strong> est actuellement le mieux plac\u00e9 au classement g\u00e9n\u00e9ral : 2e \u00e0 9 secondes de <strong>Mads Pedersen<\/strong>, il fait d\u00e9sormais office de r\u00e9f\u00e9rence. Malgr\u00e9 un contre-la-montre en demi-teinte, <strong>Juan Ayuso<\/strong> (UAE Team Emirates XRG) est le deuxi\u00e8me des favoris, d\u00e9j\u00e0 \u00e0 16 secondes du Slov\u00e8ne. Suivent ensuite <strong>Antonio Tiberi<\/strong> (Bahrain Victorious) \u00e0 25 secondes et <strong>Michael Storer<\/strong> (Tudor Pro Cycling), qui confirme sa forme du moment (+27&Prime;). On retrouve ensuite les fr\u00e8res <strong>Yates<\/strong>, \u00e0 33 et 36 secondes de <strong>Roglic<\/strong>.<\/p>\n<p>&#13;<\/p>\n<p><strong>Richard Carapaz<\/strong> (EF Education-EasyPost, +37&Prime;), <strong>Jai Hindley<\/strong> (Red Bull-BORA-hansgrohe, +39&Prime;), <strong>Tom Pidcock<\/strong> (Q36.5 Pro Cycling, +42&Prime;), <strong>Giulio Ciccone<\/strong> (Lidl-Trek, +42&Prime;), <strong>Egan Bernal<\/strong> (INEOS Grenadiers, +48&Prime;), <strong>Romain Bardet<\/strong> (Team Picnic PostNL, +51&Prime;), <strong>David Gaudu<\/strong> (Groupama-FDJ, +54&Prime;) et <strong>Einer Rubio<\/strong> (Movistar, +55&Prime;) restent tous \u00e0 moins d\u2019une minute du Slov\u00e8ne. En revanche, <strong>Daniel Felipe Martinez<\/strong> (Red Bull-BORA-hansgrohe, +1&rsquo;18\u00a0\u00bb), <strong>Derek Gee<\/strong> (Israel-Premier Tech, +1&rsquo;25\u00a0\u00bb) et <strong>Thymen Arensman<\/strong> (INEOS Grenadiers, +1&rsquo;56\u00a0\u00bb) ont d\u00e9j\u00e0 perdu un temps consid\u00e9rable<\/p>\n<p>&#13;<\/p>\n<p>\u00a0<\/p>\n<p>&#13;<br \/>\nLe classement g\u00e9n\u00e9ral des favoris (par rapport \u00e0 Roglic)&#13;<\/p>\n<p>1 &#8211; Primoz Roglic 7h42&rsquo;19\u00a0\u00bb<\/p>\n<p>&#13;<\/p>\n<p>2 &#8211; Juan Ayuso +16\u00a0\u00bb<\/p>\n<p>&#13;<\/p>\n<p>3 &#8211; Antonio Tiberi +25\u00a0\u00bb<\/p>\n<p>&#13;<\/p>\n<p>4 &#8211; Michael Storer +27\u00a0\u00bb<\/p>\n<p>&#13;<\/p>\n<p>5 &#8211; Simon Yates +33\u00a0\u00bb<\/p>\n<p>&#13;<\/p>\n<p>6 &#8211; Adam Yates +36\u00a0\u00bb<\/p>\n<p>&#13;<\/p>\n<p>7 &#8211; Richard Carapaz +37\u00a0\u00bb<\/p>\n<p>&#13;<\/p>\n<p>8 &#8211; Jai Hindley +39\u00a0\u00bb<\/p>\n<p>&#13;<\/p>\n<p>9 &#8211; Tom Pidcock +42\u00a0\u00bb<\/p>\n<p>&#13;<\/p>\n<p>10 &#8211; Giulio Ciccone +42\u00a0\u00bb<\/p>\n<p>&#13;<\/p>\n<p>11 &#8211; Egan Bernal +48\u00a0\u00bb<\/p>\n<p>&#13;<\/p>\n<p><strong>12 &#8211; Romain Bardet +51\u00a0\u00bb<\/strong><\/p>\n<p>&#13;<\/p>\n<p><strong>13 &#8211; David Gaudu +54\u00a0\u00bb<\/strong><\/p>\n<p>&#13;<\/p>\n<p>14 &#8211; Einer Rubio +55\u00a0\u00bb<\/p>\n<p>&#13;<\/p>\n<p>15 &#8211; Daniel Felipe Martinez +1&rsquo;18\u00a0\u00bb<\/p>\n<p>&#13;<\/p>\n<p>16 &#8211; Derek Gee +1&rsquo;25\u00a0\u00bb<\/p>\n<p>&#13;<\/p>\n<p>17 &#8211; Thymen Arensman +1&rsquo;56\u00a0\u00bb<\/p>\n<p>Tour d&rsquo;Italie &#8211; Classement g\u00e9n\u00e9ral provisoire apr\u00e8s la 3\u00e8 \u00e9tape<\/p>\n","protected":false},"excerpt":{"rendered":"L\u2019Albanie, c\u2019est fini ! Apr\u00e8s trois jours pass\u00e9s au pays des Aigles, le peloton du 108e Giro d\u2019Italia&hellip;\n","protected":false},"author":2,"featured_media":93108,"comment_status":"","ping_status":"","sticky":false,"template":"","format":"standard","meta":{"footnotes":""},"categories":[1411],"tags":[1154,207,1011,27,209,60,3318,208],"class_list":{"0":"post-93107","1":"post","2":"type-post","3":"status-publish","4":"format-standard","5":"has-post-thumbnail","7":"category-cyclisme","8":"tag-cycling","9":"tag-cyclisme","10":"tag-fr","11":"tag-france","12":"tag-route","13":"tag-sports","14":"tag-tour-d","15":"tag-velo"},"share_on_mastodon":{"url":"https:\/\/pubeurope.com\/@fr\/114492313740745247","error":""},"_links":{"self":[{"href":"https:\/\/www.europesays.com\/fr\/wp-json\/wp\/v2\/posts\/93107","targetHints":{"allow":["GET"]}}],"collection":[{"href":"https:\/\/www.europesays.com\/fr\/wp-json\/wp\/v2\/posts"}],"about":[{"href":"https:\/\/www.europesays.com\/fr\/wp-json\/wp\/v2\/types\/post"}],"author":[{"embeddable":true,"href":"https:\/\/www.europesays.com\/fr\/wp-json\/wp\/v2\/users\/2"}],"replies":[{"embeddable":true,"href":"https:\/\/www.europesays.com\/fr\/wp-json\/wp\/v2\/comments?post=93107"}],"version-history":[{"count":0,"href":"https:\/\/www.europesays.com\/fr\/wp-json\/wp\/v2\/posts\/93107\/revisions"}],"wp:featuredmedia":[{"embeddable":true,"href":"https:\/\/www.europesays.com\/fr\/wp-json\/wp\/v2\/media\/93108"}],"wp:attachment":[{"href":"https:\/\/www.europesays.com\/fr\/wp-json\/wp\/v2\/media?parent=93107"}],"wp:term":[{"taxonomy":"category","embeddable":true,"href":"https:\/\/www.europesays.com\/fr\/wp-json\/wp\/v2\/categories?post=93107"},{"taxonomy":"post_tag","embeddable":true,"href":"https:\/\/www.europesays.com\/fr\/wp-json\/wp\/v2\/tags?post=93107"}],"curies":[{"name":"wp","href":"https:\/\/api.w.org\/{rel}","templated":true}]}}