{"id":93111,"date":"2025-05-12T01:41:10","date_gmt":"2025-05-12T01:41:10","guid":{"rendered":"https:\/\/www.europesays.com\/fr\/93111\/"},"modified":"2025-05-12T01:41:10","modified_gmt":"2025-05-12T01:41:10","slug":"quelquun-qui-ne-le-merite-pas-stephane-plaza-nouveau-message-inquietant-apres-la-garde-a-vue","status":"publish","type":"post","link":"https:\/\/www.europesays.com\/fr\/93111\/","title":{"rendered":"\u00ab\u00a0Quelqu&rsquo;un qui ne le m\u00e9rite pas\u00a0\u00bb, St\u00e9phane Plaza, nouveau message inqui\u00e9tant apr\u00e8s la garde \u00e0 vue"},"content":{"rendered":"<p>Le <a href=\"https:\/\/www.public.fr\/stephane-plaza-arrete-pour-trafic-de-stupefiants-lanimateur-au-fond-du-trou\" rel=\"nofollow noopener\" target=\"_blank\">c\u00e9l\u00e8bre agent immobilier<\/a> de M6, visage incontournable de \u00ab\u00a0Recherche appartement ou maison\u00a0\u00bb, traverse actuellement une p\u00e9riode particuli\u00e8rement compliqu\u00e9e.<\/p>\n<p>En f\u00e9vrier dernier, il a \u00e9t\u00e9 condamn\u00e9 \u00e0 <strong>douze mois de prison avec sursis<\/strong> <strong>pour violences habituelles sur une ex-compagne<\/strong>. Une d\u00e9cision de justice qu\u2019il conteste fermement, puisqu\u2019il a choisi de faire appel.<\/p>\n<p>Mais les ennuis judiciaires ne s\u2019arr\u00eatent pas l\u00e0. Comme l\u2019a r\u00e9v\u00e9l\u00e9 Le Parisien, l\u2019animateur a \u00e9t\u00e9 <strong>interpell\u00e9 chez lui le 5 mai<\/strong> par la police judiciaire de Seine-Saint-Denis, dans le cadre d\u2019une <strong>enqu\u00eate pour trafic de stup\u00e9fiants<\/strong>. <\/p>\n<p>Apr\u00e8s une garde \u00e0 vue, <a href=\"https:\/\/www.public.fr\/stephane-plaza-embarque-par-la-police-apres-les-violences-conjugales-le-trafic-de-stupefiant\" rel=\"nofollow noopener\" target=\"_blank\">St\u00e9phane Plaza <\/a>a finalement \u00e9t\u00e9 rel\u00e2ch\u00e9. Il n\u2019est <strong>pas poursuivi pour trafic<\/strong>, mais devra tout de m\u00eame s\u2019acquitter d\u2019une <strong>contribution citoyenne de 3 000 euros<\/strong> pour <strong>usage de stup\u00e9fiants<\/strong>, selon nos confr\u00e8res de BFM TV.<\/p>\n<p>St\u00e9phane Plaza : la star du petit \u00e9cran tente de garder la t\u00eate haute<\/p>\n<p>Ic\u00f4ne populaire depuis pr\u00e8s de 20 ans, St\u00e9phane Plaza traverse sa plus grosse temp\u00eate m\u00e9diatique. Malgr\u00e9 cette p\u00e9riode compliqu\u00e9e, <a href=\"https:\/\/www.public.fr\/stephane-plaza-lavenir-de-ses-agences-immobilieres-se-joue-demain\" rel=\"nofollow noopener\" target=\"_blank\">l&rsquo;agent immobilier le plus connu de France<\/a>, tente de garder la t\u00eate haute. <\/p>\n<p>Depuis son compte Instagram, ce samedi 10 mai, <strong>il a partag\u00e9 un message \u00e9mouvant et plein d\u2019espoir en story<\/strong> : \u00a0\u00bb \u00eatre fort, c&rsquo;est rayonner de bonheur quand on est malheureux. C&rsquo;est essayer de pardonner \u00e0 quelqu&rsquo;un qui ne le m\u00e9rite pas. C&rsquo;est rester calme au milieu du d\u00e9sespoir. C&rsquo;est sourire quand on a envie de pleurer. C&rsquo;est faire rire quelqu&rsquo;un quand on a le coeur bris\u00e9 en morceaux. \u00catre fort, c&rsquo;est vivre au jour le jour et toujours croire en un meilleur demain\u00a0\u00bb.<\/p>\n<p>Un message qui sonne comme <strong>une tentative de r\u00e9silience pour celui qui voit son image publique s\u00e9rieusement \u00e9corn\u00e9e<\/strong>.<\/p>\n<p>St\u00e9phane Plaza : entre soutien et d\u00e9saveu<\/p>\n<p>La situation judiciaire de <a href=\"https:\/\/www.public.fr\/stephane-plaza-deprogramme-de-m6-ces-emissions-qui-lui-piquent-la-place\" rel=\"nofollow noopener\" target=\"_blank\">l&rsquo;ex animateur star de M6<\/a>, soul\u00e8ve \u00e9galement une question plus large : celle de la <strong>s\u00e9paration entre l\u2019homme public et sa vie priv\u00e9e<\/strong>. Une frange du public continue de le soutenir, estimant qu\u2019<strong>il reste pr\u00e9sum\u00e9 innocent <\/strong>dans d\u2019autres volets de l\u2019affaire ou saluant son travail \u00e0 la t\u00e9l\u00e9vision et dans l\u2019immobilier.<\/p>\n<p>D\u2019autres, en revanche, jugent sa <strong>pr\u00e9sence \u00e0 l\u2019antenne incompatible avec la gravit\u00e9 des accusations<\/strong> et la condamnation d\u00e9j\u00e0 prononc\u00e9e. <\/p>\n<p>Son avenir \u00e0 la t\u00e9l\u00e9vision semble aujourd&rsquo;hui suspendu au verdict d\u2019appel et \u00e0 la capacit\u00e9 de ses partenaires professionnels \u00e0 assumer, ou non, leur association avec <strong>un homme d\u00e9sormais au c\u0153ur de la controverse<\/strong>.<\/p>\n<p><img loading=\"lazy\" decoding=\"async\" width=\"670\" height=\"1024\" data-id=\"2556430\" src=\"https:\/\/www.europesays.com\/fr\/wp-content\/uploads\/2025\/05\/quelquun-qui-ne-le-merite-pas-stephane-plaza--670x1024.jpg\" alt=\"\"  \/><\/p>\n<p>      Mentionn\u00e9s dans cet article<\/p>\n<p>\u00c0 lire aussi<\/p>\n","protected":false},"excerpt":{"rendered":"Le c\u00e9l\u00e8bre agent immobilier de M6, visage incontournable de \u00ab\u00a0Recherche appartement ou maison\u00a0\u00bb, traverse actuellement une p\u00e9riode particuli\u00e8rement&hellip;\n","protected":false},"author":2,"featured_media":93112,"comment_status":"","ping_status":"","sticky":false,"template":"","format":"standard","meta":{"footnotes":""},"categories":[1359],"tags":[58,59,1011,27,973,7221],"class_list":{"0":"post-93111","1":"post","2":"type-post","3":"status-publish","4":"format-standard","5":"has-post-thumbnail","7":"category-people","8":"tag-divertissement","9":"tag-entertainment","10":"tag-fr","11":"tag-france","12":"tag-people","13":"tag-stephane-plaza"},"share_on_mastodon":{"url":"https:\/\/pubeurope.com\/@fr\/114492321568801153","error":""},"_links":{"self":[{"href":"https:\/\/www.europesays.com\/fr\/wp-json\/wp\/v2\/posts\/93111","targetHints":{"allow":["GET"]}}],"collection":[{"href":"https:\/\/www.europesays.com\/fr\/wp-json\/wp\/v2\/posts"}],"about":[{"href":"https:\/\/www.europesays.com\/fr\/wp-json\/wp\/v2\/types\/post"}],"author":[{"embeddable":true,"href":"https:\/\/www.europesays.com\/fr\/wp-json\/wp\/v2\/users\/2"}],"replies":[{"embeddable":true,"href":"https:\/\/www.europesays.com\/fr\/wp-json\/wp\/v2\/comments?post=93111"}],"version-history":[{"count":0,"href":"https:\/\/www.europesays.com\/fr\/wp-json\/wp\/v2\/posts\/93111\/revisions"}],"wp:featuredmedia":[{"embeddable":true,"href":"https:\/\/www.europesays.com\/fr\/wp-json\/wp\/v2\/media\/93112"}],"wp:attachment":[{"href":"https:\/\/www.europesays.com\/fr\/wp-json\/wp\/v2\/media?parent=93111"}],"wp:term":[{"taxonomy":"category","embeddable":true,"href":"https:\/\/www.europesays.com\/fr\/wp-json\/wp\/v2\/categories?post=93111"},{"taxonomy":"post_tag","embeddable":true,"href":"https:\/\/www.europesays.com\/fr\/wp-json\/wp\/v2\/tags?post=93111"}],"curies":[{"name":"wp","href":"https:\/\/api.w.org\/{rel}","templated":true}]}}