{"id":93132,"date":"2025-05-12T01:52:10","date_gmt":"2025-05-12T01:52:10","guid":{"rendered":"https:\/\/www.europesays.com\/fr\/93132\/"},"modified":"2025-05-12T01:52:10","modified_gmt":"2025-05-12T01:52:10","slug":"cachemire-en-annoncant-lui-meme-le-cessez-le-feu-donald-trump-met-narendra-modi-au-pas","status":"publish","type":"post","link":"https:\/\/www.europesays.com\/fr\/93132\/","title":{"rendered":"Cachemire\u00a0: en annon\u00e7ant lui m\u00eame le cessez-le-feu, Donald Trump met Narendra Modi au pas"},"content":{"rendered":"<p>Le premier ministre indien, Narendra Modi, a toujours fait du Cachemire une question strictement bilat\u00e9rale, voire nationale. En annon\u00e7ant lui-m\u00eame <a href=\"https:\/\/www.humanite.fr\/monde\/inde\/apres-lattentat-au-cachemire-linde-et-le-pakistan-engages-dans-une-demonstration-de-force\" target=\"_blank\" rel=\"noopener\">le cessez-le-feu entre l\u2019Inde et le Pakistan<\/a>, le 10\u00a0mai, son alli\u00e9 le plus puissant, Donald Trump, l\u2019a renvoy\u00e9 au rang de suppl\u00e9tif. \u00ab\u00a0Apr\u00e8s une longue nuit de pourparlers sous la m\u00e9diation des \u00c9tats-Unis, je suis heureux d\u2019annoncer que l\u2019Inde et le Pakistan ont convenu d\u2019un cessez-le-feu COMPLET ET IMM\u00c9DIAT\u00a0\u00bb, a-t-il \u00e9crit sur son r\u00e9seau, Truth Social.\u00a0<\/p>\n<p>En plus de fa\u00e7onner sa <a href=\"https:\/\/www.humanite.fr\/monde\/donald-trump\/donald-trump-un-president-vraiment-pour-la-paix\" target=\"_blank\" rel=\"noopener\">pr\u00e9tendue image de pr\u00e9sident pacifiste<\/a>, le milliardaire \u00e9tats-unien entend faire comprendre qui dicte les r\u00e8gles \u00e0 un Narendra Modi qui tient lui aussi \u00e0 sa stature d\u2019homme fort. Si le Pakistan n\u2019a pas d\u00e9menti l\u2019id\u00e9e d\u2019une m\u00e9diation, le ministre indien\u00a0des Affaires \u00e9trang\u00e8res indien, Subrahmanyam Jaishankar, s\u2019est empress\u00e9 de publier un communiqu\u00e9 selon lequel la tr\u00eave aurait \u00e9t\u00e9 \u00ab\u00a0n\u00e9goci\u00e9e directement\u00a0\u00bb.<\/p>\n<p>Tester les capacit\u00e9s de leurs arm\u00e9es<\/p>\n<p>S\u2019il avait sciemment ferm\u00e9 les yeux sur <a href=\"https:\/\/www.humanite.fr\/monde\/cachemire\/asie-linde-nationaliste-fait-main-basse-sur-le-cachemire\" target=\"_blank\" rel=\"noopener\">la r\u00e9vocation de l\u2019autonomie constitutionnelle du Cachemire <\/a>par New Delhi en 2019, cette fois Donald Trump semble d\u00e9termin\u00e9 \u00e0 en faire une question internationale. Son secr\u00e9taire d\u2019\u00c9tat Marco Rubio annonce ainsi \u00ab\u00a0des pourparlers sur un large \u00e9ventail de questions dans un site neutre\u00a0\u00bb. <\/p>\n<p>Jusqu\u2019alors, Narendra Modi assurait qu\u2019aucune n\u00e9gociation ne se tiendrait tant qu\u2019Islamabad n\u2019aurait pas renonc\u00e9 \u00e0 appuyer les groupes terroristes. Depuis, les deux pays s\u2019accusent mutuellement de violer la tr\u00eave. L\u2019Inde et le Pakistan semblent en r\u00e9alit\u00e9 tester les capacit\u00e9s de leurs arm\u00e9es <a href=\"https:\/\/www.humanite.fr\/monde\/bombardements\/bombardements-en-asie-du-sud-entre-linde-et-le-pakistan-la-crainte-dune-guerre-totale\" target=\"_blank\" rel=\"noopener\">sans vouloir s\u2019engager pour autant dans un conflit d\u2019ampleur<\/a>. Il s\u2019agit \u00e9galement d\u2019un test dans la rivalit\u00e9 sino-occidentale. Le mat\u00e9riel chinois a ainsi permis au Pakistan d\u2019abattre plusieurs Rafale de fabrication fran\u00e7aise dans l\u2019un des plus importants combats a\u00e9riens de l\u2019histoire r\u00e9cente.<\/p>\n<p>Avant de partir, une derni\u00e8re chose\u2026<\/p>\n<p>Contrairement \u00e0 90% des m\u00e9dias fran\u00e7ais aujourd\u2019hui, <strong>l\u2019Humanit\u00e9 ne d\u00e9pend ni de grands groupes ni de milliardaires<\/strong>. Cela signifie que : <\/p>\n<ul class=\"wp-block-list\">\n<li>nous vous apportons des informations impartiales, sans compromis. Mais aussi que <\/li>\n<li>nous n\u2019avons pas les moyens financiers dont b\u00e9n\u00e9ficient les autres m\u00e9dias.<\/li>\n<\/ul>\n<p><strong>L\u2019information ind\u00e9pendante et de qualit\u00e9 a un co\u00fbt<\/strong>. Payez-le.<br \/><a href=\"https:\/\/stage.preprod.humanite.fr\/lhumanite-cest-vous\" data-type=\"link\" data-id=\"https:\/\/stage.preprod.humanite.fr\/lhumanite-cest-vous\" target=\"_blank\" rel=\"noopener\">Je veux en savoir plus<\/a><\/p>\n","protected":false},"excerpt":{"rendered":"Le premier ministre indien, Narendra Modi, a toujours fait du Cachemire une question strictement bilat\u00e9rale, voire nationale. En&hellip;\n","protected":false},"author":2,"featured_media":93133,"comment_status":"","ping_status":"","sticky":false,"template":"","format":"standard","meta":{"footnotes":""},"categories":[5],"tags":[11,1011,27,5595,14,12,14488,28],"class_list":{"0":"post-93132","1":"post","2":"type-post","3":"status-publish","4":"format-standard","5":"has-post-thumbnail","7":"category-international","8":"tag-actualites","9":"tag-fr","10":"tag-france","11":"tag-inde","12":"tag-international","13":"tag-news","14":"tag-pakistan","15":"tag-world"},"share_on_mastodon":{"url":"https:\/\/pubeurope.com\/@fr\/114492364814086605","error":""},"_links":{"self":[{"href":"https:\/\/www.europesays.com\/fr\/wp-json\/wp\/v2\/posts\/93132","targetHints":{"allow":["GET"]}}],"collection":[{"href":"https:\/\/www.europesays.com\/fr\/wp-json\/wp\/v2\/posts"}],"about":[{"href":"https:\/\/www.europesays.com\/fr\/wp-json\/wp\/v2\/types\/post"}],"author":[{"embeddable":true,"href":"https:\/\/www.europesays.com\/fr\/wp-json\/wp\/v2\/users\/2"}],"replies":[{"embeddable":true,"href":"https:\/\/www.europesays.com\/fr\/wp-json\/wp\/v2\/comments?post=93132"}],"version-history":[{"count":0,"href":"https:\/\/www.europesays.com\/fr\/wp-json\/wp\/v2\/posts\/93132\/revisions"}],"wp:featuredmedia":[{"embeddable":true,"href":"https:\/\/www.europesays.com\/fr\/wp-json\/wp\/v2\/media\/93133"}],"wp:attachment":[{"href":"https:\/\/www.europesays.com\/fr\/wp-json\/wp\/v2\/media?parent=93132"}],"wp:term":[{"taxonomy":"category","embeddable":true,"href":"https:\/\/www.europesays.com\/fr\/wp-json\/wp\/v2\/categories?post=93132"},{"taxonomy":"post_tag","embeddable":true,"href":"https:\/\/www.europesays.com\/fr\/wp-json\/wp\/v2\/tags?post=93132"}],"curies":[{"name":"wp","href":"https:\/\/api.w.org\/{rel}","templated":true}]}}