{"id":9314,"date":"2025-04-08T03:52:12","date_gmt":"2025-04-08T03:52:12","guid":{"rendered":"https:\/\/www.europesays.com\/fr\/9314\/"},"modified":"2025-04-08T03:52:12","modified_gmt":"2025-04-08T03:52:12","slug":"belgique-mort-de-2-cyclistes-dont-un-francais-lors-du-tour-des-flandres-amateur","status":"publish","type":"post","link":"https:\/\/www.europesays.com\/fr\/9314\/","title":{"rendered":"Belgique : mort de 2 cyclistes, dont un Fran\u00e7ais, lors du Tour des Flandres amateur"},"content":{"rendered":"<p>Deux cyclistes sont d\u00e9c\u00e9d\u00e9s ce samedi alors qu&rsquo;ils participaient au Tour des Flandres amateur.Ils ont tous les deux fait un malaise lors d&rsquo;ascensions de c\u00f4tes abruptes et difficiles de l&rsquo;\u00e9preuve.L&rsquo;une des deux victimes est fran\u00e7aise, la seconde n\u00e9erlandaise.<\/p>\n<p data-module=\"article-paragraph\" class=\"jsx-362436225 Paragraph\">La Tour des Flandres amateur endeuill\u00e9. Deux cyclistes ont perdu la vie ce samedi 5 avril suite \u00e0 des malaises alors qu&rsquo;ils participaient au Tour des Flandres cyclo-touristes \u00e0 la veille de l&rsquo;\u00e9preuve r\u00e9serv\u00e9e aux professionnels, ont annonc\u00e9 les organisateurs \u00ab\u00a0We Ride Flanders\u00a0\u00bb.\u00a0<\/p>\n<p data-module=\"article-paragraph\" class=\"jsx-362436225 Paragraph Paragraph__End\">Un coureur n\u00e9erlandais est d\u00e9c\u00e9d\u00e9 apr\u00e8s s&rsquo;\u00eatre senti mal sur le Taaienberg, une c\u00f4te abrupte situ\u00e9e en d\u00e9but de parcours. \u00ab\u00a0Malgr\u00e9 une assistance rapide et des efforts de r\u00e9animation, la personne est d\u00e9c\u00e9d\u00e9e d&rsquo;une insuffisance cardiaque\u00a0\u00bb, a expliqu\u00e9 dans un communiqu\u00e9 Gert Van Goolen, porte-parole de \u00ab\u00a0We Ride Flanders\u00a0\u00bb. L&rsquo;autre victime, de nationalit\u00e9 fran\u00e7aise, a d\u00fb \u00eatre r\u00e9anim\u00e9e apr\u00e8s un malaise sur le Vieux Quaremont \u00e0 Kluisbergen, l&rsquo;une des difficult\u00e9s majeures du parcours. L&rsquo;homme a \u00e9t\u00e9 \u00e9vacu\u00e9 par h\u00e9licopt\u00e8re mais est d\u00e9c\u00e9d\u00e9 \u00e0 l&rsquo;h\u00f4pital. Un troisi\u00e8me participant a d\u00fb \u00eatre transport\u00e9 \u00e0 l&rsquo;h\u00f4pital apr\u00e8s un incident sur l&rsquo;Eikenberg, dont les circonstances ne sont pas encore clairement \u00e9tablies.\u00a0<\/p>\n<p data-module=\"article-paragraph\" class=\"jsx-362436225 Paragraph Paragraph__End\">Organis\u00e9e la veille du Tour des Flandres, la version amateur du Ronde avait attir\u00e9 quelque 15.000 cyclo-touristes pour une course reliant Bruges \u00e0 Audenarde (nord de la Belgique) sur 229 km. Environ 10.000 \u00e9trangers, venus principalement des Pays-Bas, de France, d&rsquo;Angleterre et d&rsquo;Allemagne, ont pris le d\u00e9part de l&rsquo;\u00e9preuve, selon l&rsquo;agence de presse Belga.<\/p>\n<p>J.F. avec AFP<\/p>\n","protected":false},"excerpt":{"rendered":"Deux cyclistes sont d\u00e9c\u00e9d\u00e9s ce samedi alors qu&rsquo;ils participaient au Tour des Flandres amateur.Ils ont tous les deux&hellip;\n","protected":false},"author":2,"featured_media":9315,"comment_status":"","ping_status":"","sticky":false,"template":"","format":"standard","meta":{"footnotes":""},"categories":[1411],"tags":[1111,11,1921,828,1154,207,1011,27,1922,60,133,4712],"class_list":{"0":"post-9314","1":"post","2":"type-post","3":"status-publish","4":"format-standard","5":"has-post-thumbnail","7":"category-cyclisme","8":"tag-actu","9":"tag-actualites","10":"tag-article-video","11":"tag-belgique","12":"tag-cycling","13":"tag-cyclisme","14":"tag-fr","15":"tag-france","16":"tag-info","17":"tag-sports","18":"tag-video","19":"tag-video-sports"},"share_on_mastodon":{"url":"https:\/\/pubeurope.com\/@fr\/114300318172470340","error":""},"_links":{"self":[{"href":"https:\/\/www.europesays.com\/fr\/wp-json\/wp\/v2\/posts\/9314","targetHints":{"allow":["GET"]}}],"collection":[{"href":"https:\/\/www.europesays.com\/fr\/wp-json\/wp\/v2\/posts"}],"about":[{"href":"https:\/\/www.europesays.com\/fr\/wp-json\/wp\/v2\/types\/post"}],"author":[{"embeddable":true,"href":"https:\/\/www.europesays.com\/fr\/wp-json\/wp\/v2\/users\/2"}],"replies":[{"embeddable":true,"href":"https:\/\/www.europesays.com\/fr\/wp-json\/wp\/v2\/comments?post=9314"}],"version-history":[{"count":0,"href":"https:\/\/www.europesays.com\/fr\/wp-json\/wp\/v2\/posts\/9314\/revisions"}],"wp:featuredmedia":[{"embeddable":true,"href":"https:\/\/www.europesays.com\/fr\/wp-json\/wp\/v2\/media\/9315"}],"wp:attachment":[{"href":"https:\/\/www.europesays.com\/fr\/wp-json\/wp\/v2\/media?parent=9314"}],"wp:term":[{"taxonomy":"category","embeddable":true,"href":"https:\/\/www.europesays.com\/fr\/wp-json\/wp\/v2\/categories?post=9314"},{"taxonomy":"post_tag","embeddable":true,"href":"https:\/\/www.europesays.com\/fr\/wp-json\/wp\/v2\/tags?post=9314"}],"curies":[{"name":"wp","href":"https:\/\/api.w.org\/{rel}","templated":true}]}}